{"id":142694,"date":"2022-03-09T09:13:21","date_gmt":"2022-03-09T14:13:21","guid":{"rendered":"https:\/\/linitiative.ca\/International\/boa-signe-la-charte-de-la-diversite-du-genre-du-we4she\/"},"modified":"2022-03-09T09:13:21","modified_gmt":"2022-03-09T14:13:21","slug":"boa-signe-la-charte-de-la-diversite-du-genre-du-we4she","status":"publish","type":"post","link":"https:\/\/linitiative.ca\/International\/boa-signe-la-charte-de-la-diversite-du-genre-du-we4she\/","title":{"rendered":"BoA signe la charte de la \u00ab\u00a0diversit\u00e9 du genre\u00a0\u00bb du WE4SHE"},"content":{"rendered":"<div>\n<div class=\"field field-name-body field-type-text-with-summary field-label-hidden\">\n<div class=\"field-items\">\n<div class=\"field-item even\" property=\"content:encoded\">\n<p class=\"rtejustify\">Bank Of Africa (BOA) s&rsquo;engage \u00e0 rejoindre le r\u00e9seau Africain pour la diversit\u00e9, \u00e0 l&rsquo;occasion de la journ\u00e9e internationale des droits des Femmes, \u00e0 travers la signature de la Charte Entreprise \u00ab\u00a0Gender Diversity\u00a0\u00bb lors d&rsquo;une c\u00e9r\u00e9monie, le 8 mars, en pr\u00e9sence de son Administrateur Directeur G\u00e9n\u00e9ral, Brahim Benjelloun Touimi, et la Pr\u00e9sidente de l&rsquo;Association We4She, Directrice G\u00e9n\u00e9rale Adjointe de Casablanca Finance City Authority, Lamia Merzouki.<\/p>\n<\/div>\n<\/div>\n<\/div>\n<\/div>\n<p>Auteur: hgueye<br \/>\n<a href=\"https:\/\/www.leconomiste.com\/flash-infos\/boa-signe-la-charte-de-la-diversite-du-genre-du-we4she\">Cliquez ici pour lire l&rsquo;article depuis sa source.<\/a><\/p>\n","protected":false},"excerpt":{"rendered":"<p>Bank Of Africa (BOA) s&rsquo;engage \u00e0 rejoindre le r\u00e9seau Africain pour la diversit\u00e9, \u00e0 l&rsquo;occasion de la journ\u00e9e internationale des droits des Femmes, \u00e0 travers la signature de la Charte Entreprise \u00ab\u00a0Gender Diversity\u00a0\u00bb lors d&rsquo;une c\u00e9r\u00e9monie, le 8 mars, en pr\u00e9sence de son Administrateur Directeur G\u00e9n\u00e9ral, Brahim Benjelloun Touimi, et la Pr\u00e9sidente de l&rsquo;Association We4She, [&hellip;]<\/p>\n","protected":false},"author":1763,"featured_media":0,"comment_status":"closed","ping_status":"closed","sticky":false,"template":"","format":"standard","meta":{"fifu_image_url":"","fifu_image_alt":"","footnotes":""},"categories":[78,54],"tags":[],"class_list":["post-142694","post","type-post","status-publish","format-standard","hentry","category-economie","category-maroc"],"_links":{"self":[{"href":"https:\/\/linitiative.ca\/International\/wp-json\/wp\/v2\/posts\/142694","targetHints":{"allow":["GET"]}}],"collection":[{"href":"https:\/\/linitiative.ca\/International\/wp-json\/wp\/v2\/posts"}],"about":[{"href":"https:\/\/linitiative.ca\/International\/wp-json\/wp\/v2\/types\/post"}],"author":[{"embeddable":true,"href":"https:\/\/linitiative.ca\/International\/wp-json\/wp\/v2\/users\/1763"}],"replies":[{"embeddable":true,"href":"https:\/\/linitiative.ca\/International\/wp-json\/wp\/v2\/comments?post=142694"}],"version-history":[{"count":0,"href":"https:\/\/linitiative.ca\/International\/wp-json\/wp\/v2\/posts\/142694\/revisions"}],"wp:attachment":[{"href":"https:\/\/linitiative.ca\/International\/wp-json\/wp\/v2\/media?parent=142694"}],"wp:term":[{"taxonomy":"category","embeddable":true,"href":"https:\/\/linitiative.ca\/International\/wp-json\/wp\/v2\/categories?post=142694"},{"taxonomy":"post_tag","embeddable":true,"href":"https:\/\/linitiative.ca\/International\/wp-json\/wp\/v2\/tags?post=142694"}],"curies":[{"name":"wp","href":"https:\/\/api.w.org\/{rel}","templated":true}]}}