{"id":142695,"date":"2022-03-09T10:04:44","date_gmt":"2022-03-09T15:04:44","guid":{"rendered":"https:\/\/linitiative.ca\/International\/droit-dauteur-droits-voisins-les-representants-adoptent-le-projet-de-loi\/"},"modified":"2022-03-09T10:04:44","modified_gmt":"2022-03-09T15:04:44","slug":"droit-dauteur-droits-voisins-les-representants-adoptent-le-projet-de-loi","status":"publish","type":"post","link":"https:\/\/linitiative.ca\/International\/droit-dauteur-droits-voisins-les-representants-adoptent-le-projet-de-loi\/","title":{"rendered":"Droit d\u2019auteur\/ Droits voisins: Les Repr\u00e9sentants adoptent le projet de loi"},"content":{"rendered":"<div>\n<div class=\"field field-name-body field-type-text-with-summary field-label-hidden\">\n<div class=\"field-items\">\n<div class=\"field-item even\" property=\"content:encoded\">\n<p class=\"rtejustify\">La Chambre des Repr\u00e9sentants a adopt\u00e9, ce mercredi, en commission le projet de loi portant sur le droit d\u2019auteur et les droits voisins. Ce texte vise \u00e0 ajouter de nouvelles dispositions concernant la protection du droit d\u2019auteur et des droits voisins dans l\u2019environnement num\u00e9rique, \u00e0 inclure des dispositions relatives \u00e0 l\u2019exploitation num\u00e9rique des \u0153uvres musicales, audiovisuelles et visuelles.<\/p>\n<\/div>\n<\/div>\n<\/div>\n<\/div>\n<p>Auteur: hgueye<br \/>\n<a href=\"https:\/\/www.leconomiste.com\/flash-infos\/droit-d-auteur-droits-voisins-les-representants-adoptent-le-projet-de-loi\">Cliquez ici pour lire l&rsquo;article depuis sa source.<\/a><\/p>\n","protected":false},"excerpt":{"rendered":"<p>La Chambre des Repr\u00e9sentants a adopt\u00e9, ce mercredi, en commission le projet de loi portant sur le droit d\u2019auteur et les droits voisins. Ce texte vise \u00e0 ajouter de nouvelles dispositions concernant la protection du droit d\u2019auteur et des droits voisins dans l\u2019environnement num\u00e9rique, \u00e0 inclure des dispositions relatives \u00e0 l\u2019exploitation num\u00e9rique des \u0153uvres musicales, [&hellip;]<\/p>\n","protected":false},"author":1763,"featured_media":0,"comment_status":"closed","ping_status":"closed","sticky":false,"template":"","format":"standard","meta":{"fifu_image_url":"","fifu_image_alt":"","footnotes":""},"categories":[78,54],"tags":[],"class_list":["post-142695","post","type-post","status-publish","format-standard","hentry","category-economie","category-maroc"],"_links":{"self":[{"href":"https:\/\/linitiative.ca\/International\/wp-json\/wp\/v2\/posts\/142695","targetHints":{"allow":["GET"]}}],"collection":[{"href":"https:\/\/linitiative.ca\/International\/wp-json\/wp\/v2\/posts"}],"about":[{"href":"https:\/\/linitiative.ca\/International\/wp-json\/wp\/v2\/types\/post"}],"author":[{"embeddable":true,"href":"https:\/\/linitiative.ca\/International\/wp-json\/wp\/v2\/users\/1763"}],"replies":[{"embeddable":true,"href":"https:\/\/linitiative.ca\/International\/wp-json\/wp\/v2\/comments?post=142695"}],"version-history":[{"count":0,"href":"https:\/\/linitiative.ca\/International\/wp-json\/wp\/v2\/posts\/142695\/revisions"}],"wp:attachment":[{"href":"https:\/\/linitiative.ca\/International\/wp-json\/wp\/v2\/media?parent=142695"}],"wp:term":[{"taxonomy":"category","embeddable":true,"href":"https:\/\/linitiative.ca\/International\/wp-json\/wp\/v2\/categories?post=142695"},{"taxonomy":"post_tag","embeddable":true,"href":"https:\/\/linitiative.ca\/International\/wp-json\/wp\/v2\/tags?post=142695"}],"curies":[{"name":"wp","href":"https:\/\/api.w.org\/{rel}","templated":true}]}}