{"id":142701,"date":"2022-03-09T05:15:00","date_gmt":"2022-03-09T10:15:00","guid":{"rendered":"https:\/\/linitiative.ca\/International\/le-6e-sommet-ue-ua-un-sentiment-de-deja-vu-ou-un-nouveau-depart-rate\/"},"modified":"2022-03-09T05:15:00","modified_gmt":"2022-03-09T10:15:00","slug":"le-6e-sommet-ue-ua-un-sentiment-de-deja-vu-ou-un-nouveau-depart-rate","status":"publish","type":"post","link":"https:\/\/linitiative.ca\/International\/le-6e-sommet-ue-ua-un-sentiment-de-deja-vu-ou-un-nouveau-depart-rate\/","title":{"rendered":"Le 6e sommet UE-UA : un sentiment de d\u00e9j\u00e0-vu ou un nouveau d\u00e9part rat\u00e9"},"content":{"rendered":"<div><img decoding=\"async\" src=\"https:\/\/linitiative.ca\/International\/wp-content\/uploads\/sites\/23\/2022\/03\/1646818221_article.jpg\" alt=\"Le 6e sommet UE-UA : un sentiment de d\u00e9j\u00e0-vu ou un nouveau d\u00e9part rat\u00e9\" align=\"left\">Par Mohamed Ibrahim Hsairi &#8211; Le 6e sommet UE-UA s\u2019est tenu jeudi 17 et vendredi 18 f\u00e9vrier 2022 \u00e0 Bruxelles, avec la participation de quarante chefs d\u2019Etat et de gouvernement africains et vingt-sept dirigeants europ\u00e9ens. Il lui a \u00e9t\u00e9 donn\u00e9 pour objectif de r\u00e9inventer la relation entre les deux continents et de mettre en place un partenariat afro-europ\u00e9en renouvel\u00e9 qui puisse les aider \u00e0 affronter, ensemble, les d\u00e9fis communs.<br \/>\nLe pr\u00e9sident fran\u00e7ais Emmanuel Macron, qui a voulu en faire un moment fort de la pr\u00e9sidence fran\u00e7aise du Conseil de l\u2019UE, a affirm\u00e9 que \u00abNous voulons un sommet qui change la donne\u00bb.<br \/>\nA cet effet, et \u00abpour \u00e9viter la litanie des discours lors &#8230;<\/p>\n<\/div>\n<p>Auteur:<br \/>\n<a href=\"https:\/\/www.leaders.com.tn\/article\/33075-le-6e-sommet-ue-ua-un-sentiment-de-deja-vu-ou-un-nouveau-depart-rate\">Cliquez ici pour lire l&rsquo;article depuis sa source.<\/a><\/p>\n","protected":false},"excerpt":{"rendered":"<p>Par Mohamed Ibrahim Hsairi &#8211; Le 6e sommet UE-UA s\u2019est tenu jeudi 17 et vendredi 18 f\u00e9vrier 2022 \u00e0 Bruxelles, avec la participation de quarante chefs d\u2019Etat et de gouvernement africains et vingt-sept dirigeants europ\u00e9ens. Il lui a \u00e9t\u00e9 donn\u00e9 pour objectif de r\u00e9inventer la relation entre les deux continents et de mettre en place [&hellip;]<\/p>\n","protected":false},"author":1772,"featured_media":0,"comment_status":"closed","ping_status":"closed","sticky":false,"template":"","format":"standard","meta":{"fifu_image_url":"http:\/\/www.leaders.com.tn\/uploads\/content\/thumbnails_small\/1646818221_article.jpg","fifu_image_alt":"Le 6e sommet UE-UA : un sentiment de d\u00e9j\u00e0-vu ou un nouveau d\u00e9part rat\u00e9","footnotes":""},"categories":[73,55],"tags":[],"class_list":["post-142701","post","type-post","status-publish","format-standard","hentry","category-actualite","category-tunisie"],"_links":{"self":[{"href":"https:\/\/linitiative.ca\/International\/wp-json\/wp\/v2\/posts\/142701","targetHints":{"allow":["GET"]}}],"collection":[{"href":"https:\/\/linitiative.ca\/International\/wp-json\/wp\/v2\/posts"}],"about":[{"href":"https:\/\/linitiative.ca\/International\/wp-json\/wp\/v2\/types\/post"}],"author":[{"embeddable":true,"href":"https:\/\/linitiative.ca\/International\/wp-json\/wp\/v2\/users\/1772"}],"replies":[{"embeddable":true,"href":"https:\/\/linitiative.ca\/International\/wp-json\/wp\/v2\/comments?post=142701"}],"version-history":[{"count":0,"href":"https:\/\/linitiative.ca\/International\/wp-json\/wp\/v2\/posts\/142701\/revisions"}],"wp:attachment":[{"href":"https:\/\/linitiative.ca\/International\/wp-json\/wp\/v2\/media?parent=142701"}],"wp:term":[{"taxonomy":"category","embeddable":true,"href":"https:\/\/linitiative.ca\/International\/wp-json\/wp\/v2\/categories?post=142701"},{"taxonomy":"post_tag","embeddable":true,"href":"https:\/\/linitiative.ca\/International\/wp-json\/wp\/v2\/tags?post=142701"}],"curies":[{"name":"wp","href":"https:\/\/api.w.org\/{rel}","templated":true}]}}