{"id":142703,"date":"2022-03-09T05:56:00","date_gmt":"2022-03-09T10:56:00","guid":{"rendered":"https:\/\/linitiative.ca\/International\/tunisie-un-discours-politique-en-lecture-libre\/"},"modified":"2022-03-09T05:56:00","modified_gmt":"2022-03-09T10:56:00","slug":"tunisie-un-discours-politique-en-lecture-libre","status":"publish","type":"post","link":"https:\/\/linitiative.ca\/International\/tunisie-un-discours-politique-en-lecture-libre\/","title":{"rendered":"Tunisie: Un discours politique en lecture libre"},"content":{"rendered":"<div><img decoding=\"async\" src=\"https:\/\/linitiative.ca\/International\/wp-content\/uploads\/sites\/23\/2022\/03\/1646825935_article.jpg\" alt=\"Tunisie: Un discours politique en lecture libre\" align=\"left\">Par Mondher Rezgui. Chercheur en Sciences Politiques. Tunis le 09\/03\/2022 &#8211; Le discours du pr\u00e9sident de la r\u00e9publique tunisienne en date du 13 d\u00e9cembre 2021 rev\u00eat une importance capitale. En effet il est hautement r\u00e9v\u00e9lateur de la nature de la p\u00e9riode que traverse la Tunisie autant dans sa motivation profonde que dans son mode de gestion et encore plus dans ses perspectives futures.<br \/>\nC\u2019est cette motivation profonde qui renvoie aux raisons qui avaient rendu la d\u00e9claration de \u00abl\u2019\u00e9tat d\u2019exception constitutionnelle\u00bb (\u00abune responsabilit\u00e9 et un devoir pour la pr\u00e9servation de la patrie et \u00e9galement pour la cessation du vol des ressources du peuple\u00bb)(1).<br \/>\nQuant au mode de &#8230;<\/p>\n<\/div>\n<p>Auteur:<br \/>\n<a href=\"https:\/\/www.leaders.com.tn\/article\/33076-tunisie-un-discours-politique-en-lecture-libre\">Cliquez ici pour lire l&rsquo;article depuis sa source.<\/a><\/p>\n","protected":false},"excerpt":{"rendered":"<p>Par Mondher Rezgui. Chercheur en Sciences Politiques. Tunis le 09\/03\/2022 &#8211; Le discours du pr\u00e9sident de la r\u00e9publique tunisienne en date du 13 d\u00e9cembre 2021 rev\u00eat une importance capitale. En effet il est hautement r\u00e9v\u00e9lateur de la nature de la p\u00e9riode que traverse la Tunisie autant dans sa motivation profonde que dans son mode de [&hellip;]<\/p>\n","protected":false},"author":1772,"featured_media":0,"comment_status":"closed","ping_status":"closed","sticky":false,"template":"","format":"standard","meta":{"fifu_image_url":"http:\/\/www.leaders.com.tn\/uploads\/content\/thumbnails_small\/1646825935_article.jpg","fifu_image_alt":"Tunisie: Un discours politique en lecture libre","footnotes":""},"categories":[73,55],"tags":[],"class_list":["post-142703","post","type-post","status-publish","format-standard","hentry","category-actualite","category-tunisie"],"_links":{"self":[{"href":"https:\/\/linitiative.ca\/International\/wp-json\/wp\/v2\/posts\/142703","targetHints":{"allow":["GET"]}}],"collection":[{"href":"https:\/\/linitiative.ca\/International\/wp-json\/wp\/v2\/posts"}],"about":[{"href":"https:\/\/linitiative.ca\/International\/wp-json\/wp\/v2\/types\/post"}],"author":[{"embeddable":true,"href":"https:\/\/linitiative.ca\/International\/wp-json\/wp\/v2\/users\/1772"}],"replies":[{"embeddable":true,"href":"https:\/\/linitiative.ca\/International\/wp-json\/wp\/v2\/comments?post=142703"}],"version-history":[{"count":0,"href":"https:\/\/linitiative.ca\/International\/wp-json\/wp\/v2\/posts\/142703\/revisions"}],"wp:attachment":[{"href":"https:\/\/linitiative.ca\/International\/wp-json\/wp\/v2\/media?parent=142703"}],"wp:term":[{"taxonomy":"category","embeddable":true,"href":"https:\/\/linitiative.ca\/International\/wp-json\/wp\/v2\/categories?post=142703"},{"taxonomy":"post_tag","embeddable":true,"href":"https:\/\/linitiative.ca\/International\/wp-json\/wp\/v2\/tags?post=142703"}],"curies":[{"name":"wp","href":"https:\/\/api.w.org\/{rel}","templated":true}]}}