{"id":142707,"date":"2022-03-09T11:27:00","date_gmt":"2022-03-09T16:27:00","guid":{"rendered":"https:\/\/linitiative.ca\/International\/le-vote-du-02-mars-2022-a-lonu-a-discredite-davantage-les-nations-unies-et-loccident\/"},"modified":"2022-03-09T11:27:00","modified_gmt":"2022-03-09T16:27:00","slug":"le-vote-du-02-mars-2022-a-lonu-a-discredite-davantage-les-nations-unies-et-loccident","status":"publish","type":"post","link":"https:\/\/linitiative.ca\/International\/le-vote-du-02-mars-2022-a-lonu-a-discredite-davantage-les-nations-unies-et-loccident\/","title":{"rendered":"Le vote du 02 Mars 2022 \u00e0 l&rsquo;ONU, a discr\u00e9dit\u00e9 davantage les Nations Unies et l&rsquo;Occident"},"content":{"rendered":"<div><img decoding=\"async\" src=\"https:\/\/linitiative.ca\/International\/wp-content\/uploads\/sites\/23\/2022\/03\/1646840194_article.jpg\" alt=\"Le vote du 02 Mars 2022 \u00e0 l\" onu a discr davantage les nations unies et l align=\"left\">Cic\u00e9ron, illustre orateur de la Rome antique, \u00ab\u00a0Quand les armes parlent, les lois se taisent\u00a0\u00bb.<br \/>\nR\u00e9flexions juridiques, causes et effets de l&rsquo;affrontement<br \/>\nKilani Bennasr &#8211; Ci-dessus, la carte mondiale du vote de la r\u00e9solution de l\u2019ONU effectu\u00e9 le 02 mars 2022 qui parle d&rsquo;elle-m\u00eame. Sans chercher \u00e0 savoir les raisons de l&rsquo;absence de plusieurs pays, en gris, les deux couleurs jaune et rouge sont significatives, elles repr\u00e9sentent au moins 60% de la surface de la terre qu\u2019occupent les pays ayant vot\u00e9 contre la r\u00e9solution ou ont choisi l\u2019abstention au vote. Ces deux choix expriment le d\u00e9saccord de ces pays avec la r\u00e9solution.<br \/>\nSur cette carte, est \u00e9crit en haut \u00ab\u00a0la Russie doit &#8230;<\/p>\n<\/div>\n<p>Auteur:<br \/>\n<a href=\"https:\/\/www.leaders.com.tn\/article\/33079-le-vote-du-02-mars-2022-a-l-onu-a-discredite-davantage-les-nations-unies-et-l-occident\">Cliquez ici pour lire l&rsquo;article depuis sa source.<\/a><\/p>\n","protected":false},"excerpt":{"rendered":"<p>Cic\u00e9ron, illustre orateur de la Rome antique, \u00ab\u00a0Quand les armes parlent, les lois se taisent\u00a0\u00bb. R\u00e9flexions juridiques, causes et effets de l&rsquo;affrontement Kilani Bennasr &#8211; Ci-dessus, la carte mondiale du vote de la r\u00e9solution de l\u2019ONU effectu\u00e9 le 02 mars 2022 qui parle d&rsquo;elle-m\u00eame. Sans chercher \u00e0 savoir les raisons de l&rsquo;absence de plusieurs pays, [&hellip;]<\/p>\n","protected":false},"author":1772,"featured_media":0,"comment_status":"closed","ping_status":"closed","sticky":false,"template":"","format":"standard","meta":{"fifu_image_url":"http:\/\/www.leaders.com.tn\/uploads\/content\/thumbnails_small\/1646840194_article.jpg","fifu_image_alt":"<div>Le vote du 02 Mars 2022 \u00e0 l'ONU, a discr\u00e9dit\u00e9 davantage les Nations Unies et l'Occident<\/div>","footnotes":""},"categories":[73,55],"tags":[],"class_list":["post-142707","post","type-post","status-publish","format-standard","hentry","category-actualite","category-tunisie"],"_links":{"self":[{"href":"https:\/\/linitiative.ca\/International\/wp-json\/wp\/v2\/posts\/142707","targetHints":{"allow":["GET"]}}],"collection":[{"href":"https:\/\/linitiative.ca\/International\/wp-json\/wp\/v2\/posts"}],"about":[{"href":"https:\/\/linitiative.ca\/International\/wp-json\/wp\/v2\/types\/post"}],"author":[{"embeddable":true,"href":"https:\/\/linitiative.ca\/International\/wp-json\/wp\/v2\/users\/1772"}],"replies":[{"embeddable":true,"href":"https:\/\/linitiative.ca\/International\/wp-json\/wp\/v2\/comments?post=142707"}],"version-history":[{"count":0,"href":"https:\/\/linitiative.ca\/International\/wp-json\/wp\/v2\/posts\/142707\/revisions"}],"wp:attachment":[{"href":"https:\/\/linitiative.ca\/International\/wp-json\/wp\/v2\/media?parent=142707"}],"wp:term":[{"taxonomy":"category","embeddable":true,"href":"https:\/\/linitiative.ca\/International\/wp-json\/wp\/v2\/categories?post=142707"},{"taxonomy":"post_tag","embeddable":true,"href":"https:\/\/linitiative.ca\/International\/wp-json\/wp\/v2\/tags?post=142707"}],"curies":[{"name":"wp","href":"https:\/\/api.w.org\/{rel}","templated":true}]}}