{"id":142709,"date":"2022-03-09T13:12:46","date_gmt":"2022-03-09T18:12:46","guid":{"rendered":"https:\/\/linitiative.ca\/International\/retour-sur-la-visite-de-wendy-sherman-numero-2-du-departement-detat-americain\/"},"modified":"2022-03-09T13:12:46","modified_gmt":"2022-03-09T18:12:46","slug":"retour-sur-la-visite-de-wendy-sherman-numero-2-du-departement-detat-americain","status":"publish","type":"post","link":"https:\/\/linitiative.ca\/International\/retour-sur-la-visite-de-wendy-sherman-numero-2-du-departement-detat-americain\/","title":{"rendered":"Retour sur la visite de Wendy Sherman, num\u00e9ro 2 du D\u00e9partement d\u2019Etat am\u00e9ricain"},"content":{"rendered":"<div><img decoding=\"async\" width=\"800\" height=\"533\" src=\"https:\/\/linitiative.ca\/International\/wp-content\/uploads\/sites\/23\/2022\/03\/sherman.jpg\" class=\"attachment-post-thumbnail size-post-thumbnail wp-post-image\" alt=\"\" loading=\"lazy\" srcset=\"https:\/\/linitiative.ca\/International\/wp-content\/uploads\/sites\/23\/2022\/03\/sherman.jpg 800w, https:\/\/www.challenge.ma\/wp-content\/uploads\/2022\/03\/sherman-300x200.jpg 300w, https:\/\/www.challenge.ma\/wp-content\/uploads\/2022\/03\/sherman-768x512.jpg 768w, https:\/\/www.challenge.ma\/wp-content\/uploads\/2022\/03\/sherman-360x240.jpg 360w, https:\/\/www.challenge.ma\/wp-content\/uploads\/2022\/03\/sherman-750x500.jpg 750w\" sizes=\"auto, (max-width: 800px) 100vw, 800px\" itemprop=\"image\">La sous-secr\u00e9taire d\u2019Etat am\u00e9ricaine Wendy Sherman a effectu\u00e9 une visite de travail au Maroc les 8 et 9 mars 2022. Durant son s\u00e9jour dans le Royaume, cette derni\u00e8re s\u2019est entretenu le ministre Nasser Bourita. Elle a \u00e9galement prononc\u00e9 un discours lors d\u2019un \u00e9v\u00e9nement de la Journ\u00e9e internationale de la femme<\/div>\n<p>Auteur: challenge<br \/>\n<a href=\"https:\/\/www.challenge.ma\/retour-sur-la-visite-de-wendy-sherman-numero-2-du-departement-detat-americain-234040\/\">Cliquez ici pour lire l&rsquo;article depuis sa source.<\/a><\/p>\n","protected":false},"excerpt":{"rendered":"<p>La sous-secr\u00e9taire d\u2019Etat am\u00e9ricaine Wendy Sherman a effectu\u00e9 une visite de travail au Maroc les 8 et 9 mars 2022. Durant son s\u00e9jour dans le Royaume, cette derni\u00e8re s\u2019est entretenu le ministre Nasser Bourita. Elle a \u00e9galement prononc\u00e9 un discours lors d\u2019un \u00e9v\u00e9nement de la Journ\u00e9e internationale de la femme Auteur: challenge Cliquez ici pour [&hellip;]<\/p>\n","protected":false},"author":1787,"featured_media":0,"comment_status":"closed","ping_status":"closed","sticky":false,"template":"","format":"standard","meta":{"fifu_image_url":"https:\/\/www.challenge.ma\/wp-content\/uploads\/2022\/03\/sherman.jpg","fifu_image_alt":"Retour sur la visite de Wendy Sherman, num\u00e9ro 2 du D\u00e9partement d\u2019Etat am\u00e9ricain","footnotes":""},"categories":[78,54],"tags":[],"class_list":["post-142709","post","type-post","status-publish","format-standard","hentry","category-economie","category-maroc"],"_links":{"self":[{"href":"https:\/\/linitiative.ca\/International\/wp-json\/wp\/v2\/posts\/142709","targetHints":{"allow":["GET"]}}],"collection":[{"href":"https:\/\/linitiative.ca\/International\/wp-json\/wp\/v2\/posts"}],"about":[{"href":"https:\/\/linitiative.ca\/International\/wp-json\/wp\/v2\/types\/post"}],"author":[{"embeddable":true,"href":"https:\/\/linitiative.ca\/International\/wp-json\/wp\/v2\/users\/1787"}],"replies":[{"embeddable":true,"href":"https:\/\/linitiative.ca\/International\/wp-json\/wp\/v2\/comments?post=142709"}],"version-history":[{"count":0,"href":"https:\/\/linitiative.ca\/International\/wp-json\/wp\/v2\/posts\/142709\/revisions"}],"wp:attachment":[{"href":"https:\/\/linitiative.ca\/International\/wp-json\/wp\/v2\/media?parent=142709"}],"wp:term":[{"taxonomy":"category","embeddable":true,"href":"https:\/\/linitiative.ca\/International\/wp-json\/wp\/v2\/categories?post=142709"},{"taxonomy":"post_tag","embeddable":true,"href":"https:\/\/linitiative.ca\/International\/wp-json\/wp\/v2\/tags?post=142709"}],"curies":[{"name":"wp","href":"https:\/\/api.w.org\/{rel}","templated":true}]}}