{"id":14271,"date":"2019-02-14T13:47:00","date_gmt":"2019-02-14T18:47:00","guid":{"rendered":"https:\/\/linitiative.ca\/International\/aymen-bejaoui\/"},"modified":"2019-02-14T13:47:00","modified_gmt":"2019-02-14T18:47:00","slug":"aymen-bejaoui","status":"publish","type":"post","link":"https:\/\/linitiative.ca\/International\/aymen-bejaoui\/","title":{"rendered":"Aymen Bejaoui"},"content":{"rendered":"<p>36 ans<br \/>Bizerte<\/p>\n<h2>Parcours acad\u00e9mique<\/h2>\n<ul>\n<li>Master strat\u00e9gie et management (Universit\u00e9 Cergy pontoise en collaboration avec Universit\u00e9 M\u00e9diterran\u00e9enne Libre de Tunis)<\/li>\n<li>Master mon\u00e9tique et certification num\u00e9rique(EPITECH, Paris)\u00a0<\/li>\n<li>Master s\u00e9curit\u00e9 des syst\u00e8mes informatiques et des r\u00e9seaux (Institut Sup\u00e9rieur d\u2019Informatique, Universit\u00e9 Tunis El Manar)<\/li>\n<li>Ma\u00eetrise Informatique appliqu\u00e9 \u00e0 la gestion et \u00e0 l\u2019\u00e9conomie<\/li>\n<\/ul>\n<h2>Autres dipl\u00f4me<\/h2>\n<p>Dipl\u00f4me deuxi\u00e8me niveau de l\u2019\u00e9cole politique de Tunis<\/p>\n<h2>Exp\u00e9rience Professionnelle<\/h2>\n<p><strong>Depuis 2009 :<\/strong> Ing\u00e9nieur \/Consultant \/Manager dans une soci\u00e9t\u00e9 multinationale leader mondial dans l\u2019\u00e9dition de logiciels de gestion de ressources humaines.<\/p>\n<h2>Exp\u00e9rience Politique<\/h2>\n<ul>\n<li>Membre bureau ex\u00e9cutif et politique fondateur de machrou3 tounes<\/li>\n<li>Membre du l\u2019\u00e9quipe de campagne pr\u00e9sidentielle du pr\u00e9sident tunisien avec Mohsen Marzouk et selim Azzabi \u00a0\u00a0\u00a0<\/li>\n<li>Ex Membre du Conseil National de Nidaa Tounes (Membre du bureau ex\u00e9cutif \u00e9largi)<\/li>\n<li>Ex Membre de la Commission Nationale de programme \u00e9conomique et social de nidaa<\/li>\n<li>Membre de la JCI Bizerte (2008_2009)<\/li>\n<li>Membre de L\u2019ATUGE.<\/li>\n<li>Membre l&rsquo;Association Tunisienne pour l&rsquo;Intelligence Artificielle<\/li>\n<li>Membre de rassemblement des jeunes comp\u00e9tences tunisiennes Paris (2008)<\/li>\n<\/ul>\n<p>Auteur:<br \/>\n<a href=\"http:\/\/www.leaders.com.tn\/article\/26528-bejaoui-aymen\">Cliquez ici pour lire l&rsquo;article depuis sa source.<\/a><\/p>\n","protected":false},"excerpt":{"rendered":"<p>36 ansBizerte Parcours acad\u00e9mique Master strat\u00e9gie et management (Universit\u00e9 Cergy pontoise en collaboration avec Universit\u00e9 M\u00e9diterran\u00e9enne Libre de Tunis) Master mon\u00e9tique et certification num\u00e9rique(EPITECH, Paris)\u00a0 Master s\u00e9curit\u00e9 des syst\u00e8mes informatiques et des r\u00e9seaux (Institut Sup\u00e9rieur d\u2019Informatique, Universit\u00e9 Tunis El Manar) Ma\u00eetrise Informatique appliqu\u00e9 \u00e0 la gestion et \u00e0 l\u2019\u00e9conomie Autres dipl\u00f4me Dipl\u00f4me deuxi\u00e8me niveau de [&hellip;]<\/p>\n","protected":false},"author":1772,"featured_media":0,"comment_status":"closed","ping_status":"closed","sticky":false,"template":"","format":"standard","meta":{"fifu_image_url":"","fifu_image_alt":"","footnotes":""},"categories":[73,55],"tags":[],"class_list":["post-14271","post","type-post","status-publish","format-standard","hentry","category-actualite","category-tunisie"],"_links":{"self":[{"href":"https:\/\/linitiative.ca\/International\/wp-json\/wp\/v2\/posts\/14271","targetHints":{"allow":["GET"]}}],"collection":[{"href":"https:\/\/linitiative.ca\/International\/wp-json\/wp\/v2\/posts"}],"about":[{"href":"https:\/\/linitiative.ca\/International\/wp-json\/wp\/v2\/types\/post"}],"author":[{"embeddable":true,"href":"https:\/\/linitiative.ca\/International\/wp-json\/wp\/v2\/users\/1772"}],"replies":[{"embeddable":true,"href":"https:\/\/linitiative.ca\/International\/wp-json\/wp\/v2\/comments?post=14271"}],"version-history":[{"count":0,"href":"https:\/\/linitiative.ca\/International\/wp-json\/wp\/v2\/posts\/14271\/revisions"}],"wp:attachment":[{"href":"https:\/\/linitiative.ca\/International\/wp-json\/wp\/v2\/media?parent=14271"}],"wp:term":[{"taxonomy":"category","embeddable":true,"href":"https:\/\/linitiative.ca\/International\/wp-json\/wp\/v2\/categories?post=14271"},{"taxonomy":"post_tag","embeddable":true,"href":"https:\/\/linitiative.ca\/International\/wp-json\/wp\/v2\/tags?post=14271"}],"curies":[{"name":"wp","href":"https:\/\/api.w.org\/{rel}","templated":true}]}}