{"id":142711,"date":"2022-03-09T13:18:00","date_gmt":"2022-03-09T18:18:00","guid":{"rendered":"https:\/\/linitiative.ca\/International\/antony-blinken-attendu-au-maroc-en-mai-et-juillet\/"},"modified":"2022-03-09T13:18:00","modified_gmt":"2022-03-09T18:18:00","slug":"antony-blinken-attendu-au-maroc-en-mai-et-juillet","status":"publish","type":"post","link":"https:\/\/linitiative.ca\/International\/antony-blinken-attendu-au-maroc-en-mai-et-juillet\/","title":{"rendered":"Antony Blinken attendu au Maroc en mai et Juillet"},"content":{"rendered":"<div><img decoding=\"async\" width=\"300\" height=\"168\" src=\"https:\/\/linitiative.ca\/International\/wp-content\/uploads\/sites\/23\/2022\/03\/blinekn.jpg\" class=\"attachment-post-thumbnail size-post-thumbnail wp-post-image\" alt=\"\" loading=\"lazy\" itemprop=\"image\">Le Secr\u00e9taire d\u2019Etat am\u00e9ricain, Antony Blinken, est attendu au Maroc en mai prochain pour pr\u00e9sider la r\u00e9union de la Coalition internationale contre Daech, a annonc\u00e9 mardi le ministre des Affaires Etrang\u00e8res, Nasser Bourita, \u00e0 l\u2019occasion du point de presse conjoint avec la Sous-secr\u00e9taire am\u00e9ricaine, Wendy Sherman. A l\u2019occasion de la<\/div>\n<p>Auteur: challenge<br \/>\n<a href=\"https:\/\/www.challenge.ma\/antony-blinken-attendu-au-maroc-en-mai-et-juillet-234072\/\">Cliquez ici pour lire l&rsquo;article depuis sa source.<\/a><\/p>\n","protected":false},"excerpt":{"rendered":"<p>Le Secr\u00e9taire d\u2019Etat am\u00e9ricain, Antony Blinken, est attendu au Maroc en mai prochain pour pr\u00e9sider la r\u00e9union de la Coalition internationale contre Daech, a annonc\u00e9 mardi le ministre des Affaires Etrang\u00e8res, Nasser Bourita, \u00e0 l\u2019occasion du point de presse conjoint avec la Sous-secr\u00e9taire am\u00e9ricaine, Wendy Sherman. A l\u2019occasion de la Auteur: challenge Cliquez ici pour [&hellip;]<\/p>\n","protected":false},"author":1787,"featured_media":0,"comment_status":"closed","ping_status":"closed","sticky":false,"template":"","format":"standard","meta":{"fifu_image_url":"https:\/\/www.challenge.ma\/wp-content\/uploads\/2022\/03\/blinekn.jpg","fifu_image_alt":"Antony Blinken attendu au Maroc en mai et Juillet","footnotes":""},"categories":[78,54],"tags":[],"class_list":["post-142711","post","type-post","status-publish","format-standard","hentry","category-economie","category-maroc"],"_links":{"self":[{"href":"https:\/\/linitiative.ca\/International\/wp-json\/wp\/v2\/posts\/142711","targetHints":{"allow":["GET"]}}],"collection":[{"href":"https:\/\/linitiative.ca\/International\/wp-json\/wp\/v2\/posts"}],"about":[{"href":"https:\/\/linitiative.ca\/International\/wp-json\/wp\/v2\/types\/post"}],"author":[{"embeddable":true,"href":"https:\/\/linitiative.ca\/International\/wp-json\/wp\/v2\/users\/1787"}],"replies":[{"embeddable":true,"href":"https:\/\/linitiative.ca\/International\/wp-json\/wp\/v2\/comments?post=142711"}],"version-history":[{"count":0,"href":"https:\/\/linitiative.ca\/International\/wp-json\/wp\/v2\/posts\/142711\/revisions"}],"wp:attachment":[{"href":"https:\/\/linitiative.ca\/International\/wp-json\/wp\/v2\/media?parent=142711"}],"wp:term":[{"taxonomy":"category","embeddable":true,"href":"https:\/\/linitiative.ca\/International\/wp-json\/wp\/v2\/categories?post=142711"},{"taxonomy":"post_tag","embeddable":true,"href":"https:\/\/linitiative.ca\/International\/wp-json\/wp\/v2\/tags?post=142711"}],"curies":[{"name":"wp","href":"https:\/\/api.w.org\/{rel}","templated":true}]}}