{"id":142713,"date":"2022-03-09T13:29:35","date_gmt":"2022-03-09T18:29:35","guid":{"rendered":"https:\/\/linitiative.ca\/International\/le-conseil-de-dakhla-oued-eddahab-approuve-des-accords-visant-a-stimuler-le-developpement-socio-economique\/"},"modified":"2022-03-09T13:29:35","modified_gmt":"2022-03-09T18:29:35","slug":"le-conseil-de-dakhla-oued-eddahab-approuve-des-accords-visant-a-stimuler-le-developpement-socio-economique","status":"publish","type":"post","link":"https:\/\/linitiative.ca\/International\/le-conseil-de-dakhla-oued-eddahab-approuve-des-accords-visant-a-stimuler-le-developpement-socio-economique\/","title":{"rendered":"Le conseil de Dakhla-Oued Eddahab approuve des accords visant \u00e0 stimuler le d\u00e9veloppement socio-\u00e9conomique"},"content":{"rendered":"<div><img decoding=\"async\" width=\"750\" height=\"430\" src=\"https:\/\/linitiative.ca\/International\/wp-content\/uploads\/sites\/23\/2022\/03\/conseill.jpg\" class=\"attachment-post-thumbnail size-post-thumbnail wp-post-image\" alt=\"\" loading=\"lazy\" srcset=\"https:\/\/linitiative.ca\/International\/wp-content\/uploads\/sites\/23\/2022\/03\/conseill.jpg 750w, https:\/\/www.challenge.ma\/wp-content\/uploads\/2022\/03\/conseill-300x172.jpg 300w, https:\/\/www.challenge.ma\/wp-content\/uploads\/2022\/03\/conseill-360x206.jpg 360w\" sizes=\"auto, (max-width: 750px) 100vw, 750px\" itemprop=\"image\">Ces partenariats s\u2019inscrivent dans le cadre du programme de d\u00e9veloppement du Maroc, qui cherche \u00e0 dynamiser les secteurs socio-\u00e9conomiques de la r\u00e9gion. Le conseil de la r\u00e9gion de Dakhla-Oued Eddahab a approuv\u00e9 plus de 20 accords majeurs destin\u00e9s \u00e0 acc\u00e9l\u00e9rer la croissance dans les secteurs social, \u00e9conomique, des infrastructures, de<\/div>\n<p>Auteur: challenge<br \/>\n<a href=\"https:\/\/www.challenge.ma\/le-conseil-de-dakhla-oued-eddahab-approuve-des-accords-visant-a-stimuler-le-developpement-socio-economique-234077\/\">Cliquez ici pour lire l&rsquo;article depuis sa source.<\/a><\/p>\n","protected":false},"excerpt":{"rendered":"<p>Ces partenariats s\u2019inscrivent dans le cadre du programme de d\u00e9veloppement du Maroc, qui cherche \u00e0 dynamiser les secteurs socio-\u00e9conomiques de la r\u00e9gion. Le conseil de la r\u00e9gion de Dakhla-Oued Eddahab a approuv\u00e9 plus de 20 accords majeurs destin\u00e9s \u00e0 acc\u00e9l\u00e9rer la croissance dans les secteurs social, \u00e9conomique, des infrastructures, de Auteur: challenge Cliquez ici pour [&hellip;]<\/p>\n","protected":false},"author":1787,"featured_media":0,"comment_status":"closed","ping_status":"closed","sticky":false,"template":"","format":"standard","meta":{"fifu_image_url":"https:\/\/www.challenge.ma\/wp-content\/uploads\/2022\/03\/conseill.jpg","fifu_image_alt":"Le conseil de Dakhla-Oued Eddahab approuve des accords visant \u00e0 stimuler le d\u00e9veloppement socio-\u00e9conomique","footnotes":""},"categories":[78,54],"tags":[],"class_list":["post-142713","post","type-post","status-publish","format-standard","hentry","category-economie","category-maroc"],"_links":{"self":[{"href":"https:\/\/linitiative.ca\/International\/wp-json\/wp\/v2\/posts\/142713","targetHints":{"allow":["GET"]}}],"collection":[{"href":"https:\/\/linitiative.ca\/International\/wp-json\/wp\/v2\/posts"}],"about":[{"href":"https:\/\/linitiative.ca\/International\/wp-json\/wp\/v2\/types\/post"}],"author":[{"embeddable":true,"href":"https:\/\/linitiative.ca\/International\/wp-json\/wp\/v2\/users\/1787"}],"replies":[{"embeddable":true,"href":"https:\/\/linitiative.ca\/International\/wp-json\/wp\/v2\/comments?post=142713"}],"version-history":[{"count":0,"href":"https:\/\/linitiative.ca\/International\/wp-json\/wp\/v2\/posts\/142713\/revisions"}],"wp:attachment":[{"href":"https:\/\/linitiative.ca\/International\/wp-json\/wp\/v2\/media?parent=142713"}],"wp:term":[{"taxonomy":"category","embeddable":true,"href":"https:\/\/linitiative.ca\/International\/wp-json\/wp\/v2\/categories?post=142713"},{"taxonomy":"post_tag","embeddable":true,"href":"https:\/\/linitiative.ca\/International\/wp-json\/wp\/v2\/tags?post=142713"}],"curies":[{"name":"wp","href":"https:\/\/api.w.org\/{rel}","templated":true}]}}