{"id":142719,"date":"2022-03-09T16:36:33","date_gmt":"2022-03-09T21:36:33","guid":{"rendered":"https:\/\/linitiative.ca\/International\/tunisie-sousse-arrestation-du-secretaire-general-dun-parti-politique\/"},"modified":"2022-03-09T16:36:33","modified_gmt":"2022-03-09T21:36:33","slug":"tunisie-sousse-arrestation-du-secretaire-general-dun-parti-politique","status":"publish","type":"post","link":"https:\/\/linitiative.ca\/International\/tunisie-sousse-arrestation-du-secretaire-general-dun-parti-politique\/","title":{"rendered":"Tunisie \u2013 Sousse\u00a0: Arrestation du secr\u00e9taire g\u00e9n\u00e9ral d\u2019un parti politique"},"content":{"rendered":"<div>\n<p>Le porte-parole des tribunaux de Sousse a annonc\u00e9 que les forces de l\u2019ordre ont arr\u00eat\u00e9 hier, le secr\u00e9taire g\u00e9n\u00e9ral d\u2019un parti politique. Et ce, pour son implication dans des affaires de ch\u00e8ques sans provisions.<\/p>\n<p>L\u2019article <a href=\"https:\/\/www.tunisienumerique.com\/tunisie-sousse-arrestation-du-secretaire-general-dun-parti-politique\/\">Tunisie \u2013 Sousse\u00a0: Arrestation du secr\u00e9taire g\u00e9n\u00e9ral d\u2019un parti politique<\/a> est apparu en premier sur <a href=\"https:\/\/www.tunisienumerique.com\/\">Tunisie<\/a>.<\/p>\n<\/div>\n<p>Auteur: LM<br \/>\n<a href=\"https:\/\/www.tunisienumerique.com\/tunisie-sousse-arrestation-du-secretaire-general-dun-parti-politique\/\">Cliquez ici pour lire l&rsquo;article depuis sa source.<\/a><\/p>\n","protected":false},"excerpt":{"rendered":"<p>Le porte-parole des tribunaux de Sousse a annonc\u00e9 que les forces de l\u2019ordre ont arr\u00eat\u00e9 hier, le secr\u00e9taire g\u00e9n\u00e9ral d\u2019un parti politique. Et ce, pour son implication dans des affaires de ch\u00e8ques sans provisions. L\u2019article Tunisie \u2013 Sousse\u00a0: Arrestation du secr\u00e9taire g\u00e9n\u00e9ral d\u2019un parti politique est apparu en premier sur Tunisie. Auteur: LM Cliquez ici [&hellip;]<\/p>\n","protected":false},"author":1789,"featured_media":0,"comment_status":"closed","ping_status":"closed","sticky":false,"template":"","format":"standard","meta":{"fifu_image_url":"","fifu_image_alt":"","footnotes":""},"categories":[73,55],"tags":[],"class_list":["post-142719","post","type-post","status-publish","format-standard","hentry","category-actualite","category-tunisie"],"_links":{"self":[{"href":"https:\/\/linitiative.ca\/International\/wp-json\/wp\/v2\/posts\/142719","targetHints":{"allow":["GET"]}}],"collection":[{"href":"https:\/\/linitiative.ca\/International\/wp-json\/wp\/v2\/posts"}],"about":[{"href":"https:\/\/linitiative.ca\/International\/wp-json\/wp\/v2\/types\/post"}],"author":[{"embeddable":true,"href":"https:\/\/linitiative.ca\/International\/wp-json\/wp\/v2\/users\/1789"}],"replies":[{"embeddable":true,"href":"https:\/\/linitiative.ca\/International\/wp-json\/wp\/v2\/comments?post=142719"}],"version-history":[{"count":0,"href":"https:\/\/linitiative.ca\/International\/wp-json\/wp\/v2\/posts\/142719\/revisions"}],"wp:attachment":[{"href":"https:\/\/linitiative.ca\/International\/wp-json\/wp\/v2\/media?parent=142719"}],"wp:term":[{"taxonomy":"category","embeddable":true,"href":"https:\/\/linitiative.ca\/International\/wp-json\/wp\/v2\/categories?post=142719"},{"taxonomy":"post_tag","embeddable":true,"href":"https:\/\/linitiative.ca\/International\/wp-json\/wp\/v2\/tags?post=142719"}],"curies":[{"name":"wp","href":"https:\/\/api.w.org\/{rel}","templated":true}]}}