{"id":142720,"date":"2022-03-09T16:51:33","date_gmt":"2022-03-09T21:51:33","guid":{"rendered":"https:\/\/linitiative.ca\/International\/oms-la-pandemie-nest-pas-finie-et-le-virus-est-en-train-de-se-developper\/"},"modified":"2022-03-09T16:51:33","modified_gmt":"2022-03-09T21:51:33","slug":"oms-la-pandemie-nest-pas-finie-et-le-virus-est-en-train-de-se-developper","status":"publish","type":"post","link":"https:\/\/linitiative.ca\/International\/oms-la-pandemie-nest-pas-finie-et-le-virus-est-en-train-de-se-developper\/","title":{"rendered":"OMS\u00a0: La pand\u00e9mie n\u2019est pas finie et le virus est en train de se d\u00e9velopper"},"content":{"rendered":"<div>\n<p>Le directeur g\u00e9n\u00e9ral de l\u2019OMS a assur\u00e9, ce mercredi\u00a0; \u00e0 Gen\u00e8ve, que la pand\u00e9mie de covid est loin d\u2019\u00eatre finie, et que le monde n\u2019est pas \u00e0 l\u2019abri d\u2019un nouveau variant, puisque le virus continue de se d\u00e9velopper. Il a ajout\u00e9 que la pand\u00e9mie ne sera finie que quand elle disparaitra de tous les pays [\u2026]<\/p>\n<p>L\u2019article <a href=\"https:\/\/www.tunisienumerique.com\/oms-la-pandemie-nest-pas-finie-et-le-virus-est-en-train-de-se-developper\/\">OMS\u00a0: La pand\u00e9mie n\u2019est pas finie et le virus est en train de se d\u00e9velopper<\/a> est apparu en premier sur <a href=\"https:\/\/www.tunisienumerique.com\/\">Tunisie<\/a>.<\/p>\n<\/div>\n<p>Auteur: LM<br \/>\n<a href=\"https:\/\/www.tunisienumerique.com\/oms-la-pandemie-nest-pas-finie-et-le-virus-est-en-train-de-se-developper\/\">Cliquez ici pour lire l&rsquo;article depuis sa source.<\/a><\/p>\n","protected":false},"excerpt":{"rendered":"<p>Le directeur g\u00e9n\u00e9ral de l\u2019OMS a assur\u00e9, ce mercredi\u00a0; \u00e0 Gen\u00e8ve, que la pand\u00e9mie de covid est loin d\u2019\u00eatre finie, et que le monde n\u2019est pas \u00e0 l\u2019abri d\u2019un nouveau variant, puisque le virus continue de se d\u00e9velopper. Il a ajout\u00e9 que la pand\u00e9mie ne sera finie que quand elle disparaitra de tous les pays [&hellip;]<\/p>\n","protected":false},"author":1789,"featured_media":0,"comment_status":"closed","ping_status":"closed","sticky":false,"template":"","format":"standard","meta":{"fifu_image_url":"","fifu_image_alt":"","footnotes":""},"categories":[73,55],"tags":[],"class_list":["post-142720","post","type-post","status-publish","format-standard","hentry","category-actualite","category-tunisie"],"_links":{"self":[{"href":"https:\/\/linitiative.ca\/International\/wp-json\/wp\/v2\/posts\/142720","targetHints":{"allow":["GET"]}}],"collection":[{"href":"https:\/\/linitiative.ca\/International\/wp-json\/wp\/v2\/posts"}],"about":[{"href":"https:\/\/linitiative.ca\/International\/wp-json\/wp\/v2\/types\/post"}],"author":[{"embeddable":true,"href":"https:\/\/linitiative.ca\/International\/wp-json\/wp\/v2\/users\/1789"}],"replies":[{"embeddable":true,"href":"https:\/\/linitiative.ca\/International\/wp-json\/wp\/v2\/comments?post=142720"}],"version-history":[{"count":0,"href":"https:\/\/linitiative.ca\/International\/wp-json\/wp\/v2\/posts\/142720\/revisions"}],"wp:attachment":[{"href":"https:\/\/linitiative.ca\/International\/wp-json\/wp\/v2\/media?parent=142720"}],"wp:term":[{"taxonomy":"category","embeddable":true,"href":"https:\/\/linitiative.ca\/International\/wp-json\/wp\/v2\/categories?post=142720"},{"taxonomy":"post_tag","embeddable":true,"href":"https:\/\/linitiative.ca\/International\/wp-json\/wp\/v2\/tags?post=142720"}],"curies":[{"name":"wp","href":"https:\/\/api.w.org\/{rel}","templated":true}]}}