{"id":142722,"date":"2022-03-09T17:14:37","date_gmt":"2022-03-09T22:14:37","guid":{"rendered":"https:\/\/linitiative.ca\/International\/uefa-cl-real-psg-stats-et-records-du-match\/"},"modified":"2022-03-09T17:14:37","modified_gmt":"2022-03-09T22:14:37","slug":"uefa-cl-real-psg-stats-et-records-du-match","status":"publish","type":"post","link":"https:\/\/linitiative.ca\/International\/uefa-cl-real-psg-stats-et-records-du-match\/","title":{"rendered":"UEFA CL \/ Real \u2013 PSG : Stats et records du match"},"content":{"rendered":"<div>\n<p>Au Bernabeu, les parisiens du Qatar n\u2019ont pu tenir leur r\u00e9sultat du match aller (1-0) et m\u00eame leur avantage sign\u00e9 Mbapp\u00e9 et ont \u00e9t\u00e9 \u00e9limin\u00e9 d\u00e8s les 8e de finale de la Ligue des champions par le tripl\u00e9 de Benzema. Voici quelques stats et records battus \u00e0 l\u2019issue de cet irrationnel revers \u00e0 la Benzema [\u2026]<\/p>\n<p>L\u2019article <a href=\"https:\/\/sport.tunisienumerique.com\/uefa-cl-real-psg-stats-et-records-du-match\/\">UEFA CL \/ Real \u2013 PSG : Stats et records du match<\/a> est apparu en premier sur <a href=\"https:\/\/www.tunisienumerique.com\/\">Tunisie<\/a>.<\/p>\n<\/div>\n<p>Auteur: Hamza Ben Khlifa<br \/>\n<a href=\"https:\/\/sport.tunisienumerique.com\/uefa-cl-real-psg-stats-et-records-du-match\/\">Cliquez ici pour lire l&rsquo;article depuis sa source.<\/a><\/p>\n","protected":false},"excerpt":{"rendered":"<p>Au Bernabeu, les parisiens du Qatar n\u2019ont pu tenir leur r\u00e9sultat du match aller (1-0) et m\u00eame leur avantage sign\u00e9 Mbapp\u00e9 et ont \u00e9t\u00e9 \u00e9limin\u00e9 d\u00e8s les 8e de finale de la Ligue des champions par le tripl\u00e9 de Benzema. Voici quelques stats et records battus \u00e0 l\u2019issue de cet irrationnel revers \u00e0 la Benzema [&hellip;]<\/p>\n","protected":false},"author":1789,"featured_media":0,"comment_status":"closed","ping_status":"closed","sticky":false,"template":"","format":"standard","meta":{"fifu_image_url":"","fifu_image_alt":"","footnotes":""},"categories":[73,55],"tags":[],"class_list":["post-142722","post","type-post","status-publish","format-standard","hentry","category-actualite","category-tunisie"],"_links":{"self":[{"href":"https:\/\/linitiative.ca\/International\/wp-json\/wp\/v2\/posts\/142722","targetHints":{"allow":["GET"]}}],"collection":[{"href":"https:\/\/linitiative.ca\/International\/wp-json\/wp\/v2\/posts"}],"about":[{"href":"https:\/\/linitiative.ca\/International\/wp-json\/wp\/v2\/types\/post"}],"author":[{"embeddable":true,"href":"https:\/\/linitiative.ca\/International\/wp-json\/wp\/v2\/users\/1789"}],"replies":[{"embeddable":true,"href":"https:\/\/linitiative.ca\/International\/wp-json\/wp\/v2\/comments?post=142722"}],"version-history":[{"count":0,"href":"https:\/\/linitiative.ca\/International\/wp-json\/wp\/v2\/posts\/142722\/revisions"}],"wp:attachment":[{"href":"https:\/\/linitiative.ca\/International\/wp-json\/wp\/v2\/media?parent=142722"}],"wp:term":[{"taxonomy":"category","embeddable":true,"href":"https:\/\/linitiative.ca\/International\/wp-json\/wp\/v2\/categories?post=142722"},{"taxonomy":"post_tag","embeddable":true,"href":"https:\/\/linitiative.ca\/International\/wp-json\/wp\/v2\/tags?post=142722"}],"curies":[{"name":"wp","href":"https:\/\/api.w.org\/{rel}","templated":true}]}}