{"id":142724,"date":"2022-03-09T14:36:31","date_gmt":"2022-03-09T19:36:31","guid":{"rendered":"https:\/\/linitiative.ca\/International\/consequences-de-la-guerre-en-ukraine-en-afrique-le-mali-sera-t-il-encore-lache-en-plein-vol\/"},"modified":"2022-03-09T14:36:31","modified_gmt":"2022-03-09T19:36:31","slug":"consequences-de-la-guerre-en-ukraine-en-afrique-le-mali-sera-t-il-encore-lache-en-plein-vol","status":"publish","type":"post","link":"https:\/\/linitiative.ca\/International\/consequences-de-la-guerre-en-ukraine-en-afrique-le-mali-sera-t-il-encore-lache-en-plein-vol\/","title":{"rendered":"CONSEQUENCES DE LA GUERRE EN UKRAINE, EN AFRIQUE : Le Mali sera-t-il encore \u00ab\u00a0l\u00e2ch\u00e9 en plein vol\u00a0?\u00a0\u00bb"},"content":{"rendered":"<div>\n<p><img decoding=\"async\" width=\"288\" height=\"144\" src=\"https:\/\/linitiative.ca\/International\/wp-content\/uploads\/sites\/23\/2022\/03\/GUERRE.jpg\" class=\"attachment- size- wp-post-image\" alt=\"\" loading=\"lazy\" style=\"float:left; margin:0 15px 15px 0;\">\u00ab\u00a0La guerre, c\u2019est quand on la croit loin qu\u2019elle est proche\u00a0\u00bb, disait l\u2019ex-chef de l\u2019Etat de la C\u00f4te d\u2019Ivoire, Laurent Gbagbo, \u00e0 propos de\u00a0 l\u2019invasion russe en Ukraine. Et l\u2019homme ne pensait pas si bien dire lorsque l\u2019on voit les r\u00e9percussions d\u00e9j\u00e0 r\u00e9elles ou \u00e0 [\u2026]<\/p>\n<p>L\u2019article <a rel=\"nofollow\" href=\"https:\/\/lepays.bf\/consequences-de-la-guerre-en-ukraine-en-afrique-le-mali-sera-t-il-encore-lache-en-plein-vol\/\">CONSEQUENCES DE LA GUERRE EN UKRAINE, EN AFRIQUE : Le Mali sera-t-il encore \u00ab\u00a0l\u00e2ch\u00e9 en plein vol\u00a0?\u00a0\u00bb<\/a> est apparu en premier sur <a rel=\"nofollow\" href=\"https:\/\/lepays.bf\/\">Editions Le Pays<\/a>.<\/p>\n<\/div>\n<p>Auteur: Editions LEPAYS<br \/>\n<a href=\"https:\/\/lepays.bf\/consequences-de-la-guerre-en-ukraine-en-afrique-le-mali-sera-t-il-encore-lache-en-plein-vol\/\">Cliquez ici pour lire l&rsquo;article depuis sa source.<\/a><\/p>\n","protected":false},"excerpt":{"rendered":"<p>\u00ab\u00a0La guerre, c\u2019est quand on la croit loin qu\u2019elle est proche\u00a0\u00bb, disait l\u2019ex-chef de l\u2019Etat de la C\u00f4te d\u2019Ivoire, Laurent Gbagbo, \u00e0 propos de\u00a0 l\u2019invasion russe en Ukraine. Et l\u2019homme ne pensait pas si bien dire lorsque l\u2019on voit les r\u00e9percussions d\u00e9j\u00e0 r\u00e9elles ou \u00e0 [\u2026] L\u2019article CONSEQUENCES DE LA GUERRE EN UKRAINE, EN AFRIQUE [&hellip;]<\/p>\n","protected":false},"author":1813,"featured_media":0,"comment_status":"closed","ping_status":"closed","sticky":false,"template":"","format":"standard","meta":{"fifu_image_url":"https:\/\/lepays.bf\/wp-content\/uploads\/2022\/03\/GUERRE.jpg","fifu_image_alt":"CONSEQUENCES DE LA GUERRE EN UKRAINE, EN AFRIQUE : Le Mali sera-t-il encore \u00ab\u00a0l\u00e2ch\u00e9 en plein vol\u00a0?\u00a0\u00bb","footnotes":""},"categories":[73,81],"tags":[],"class_list":["post-142724","post","type-post","status-publish","format-standard","hentry","category-actualite","category-burkina-faso"],"_links":{"self":[{"href":"https:\/\/linitiative.ca\/International\/wp-json\/wp\/v2\/posts\/142724","targetHints":{"allow":["GET"]}}],"collection":[{"href":"https:\/\/linitiative.ca\/International\/wp-json\/wp\/v2\/posts"}],"about":[{"href":"https:\/\/linitiative.ca\/International\/wp-json\/wp\/v2\/types\/post"}],"author":[{"embeddable":true,"href":"https:\/\/linitiative.ca\/International\/wp-json\/wp\/v2\/users\/1813"}],"replies":[{"embeddable":true,"href":"https:\/\/linitiative.ca\/International\/wp-json\/wp\/v2\/comments?post=142724"}],"version-history":[{"count":0,"href":"https:\/\/linitiative.ca\/International\/wp-json\/wp\/v2\/posts\/142724\/revisions"}],"wp:attachment":[{"href":"https:\/\/linitiative.ca\/International\/wp-json\/wp\/v2\/media?parent=142724"}],"wp:term":[{"taxonomy":"category","embeddable":true,"href":"https:\/\/linitiative.ca\/International\/wp-json\/wp\/v2\/categories?post=142724"},{"taxonomy":"post_tag","embeddable":true,"href":"https:\/\/linitiative.ca\/International\/wp-json\/wp\/v2\/tags?post=142724"}],"curies":[{"name":"wp","href":"https:\/\/api.w.org\/{rel}","templated":true}]}}