{"id":142726,"date":"2022-03-09T14:40:39","date_gmt":"2022-03-09T19:40:39","guid":{"rendered":"https:\/\/linitiative.ca\/International\/radiations-de-soldats-de-larmee-centrafricaine-attention-au-retour-de-manivelle\/"},"modified":"2022-03-09T14:40:39","modified_gmt":"2022-03-09T19:40:39","slug":"radiations-de-soldats-de-larmee-centrafricaine-attention-au-retour-de-manivelle","status":"publish","type":"post","link":"https:\/\/linitiative.ca\/International\/radiations-de-soldats-de-larmee-centrafricaine-attention-au-retour-de-manivelle\/","title":{"rendered":"RADIATIONS DE SOLDATS, DE L\u2019ARMEE CENTRAFRICAINE : Attention au retour de manivelle\u00a0!"},"content":{"rendered":"<div>\n<p><img loading=\"lazy\" decoding=\"async\" width=\"960\" height=\"640\" src=\"https:\/\/lepays.bf\/wp-content\/uploads\/2022\/03\/radiation.webp\" class=\"attachment- size- wp-post-image\" alt=\"\" style=\"float:left; margin:0 15px 15px 0;\" srcset=\"https:\/\/lepays.bf\/wp-content\/uploads\/2022\/03\/radiation.webp 960w, https:\/\/lepays.bf\/wp-content\/uploads\/2022\/03\/radiation-300x200.webp 300w, https:\/\/lepays.bf\/wp-content\/uploads\/2022\/03\/radiation-768x512.webp 768w, https:\/\/lepays.bf\/wp-content\/uploads\/2022\/03\/radiation-128x86.webp 128w\" sizes=\"auto, (max-width: 960px) 100vw, 960px\">Coup de balai au sein de la Grande muette centrafricaine\u00a0! Plus de quatre-vingt soldats viennent d\u2019\u00eatre radi\u00e9s de l\u2019arm\u00e9e, en fin de semaine, selon un d\u00e9cret sign\u00e9 du ministre centrafricain de la D\u00e9fense. Il est reproch\u00e9 \u00e0 ces militaires, des faits d\u2019indiscipline, de rackets ou [\u2026]<\/p>\n<p>L\u2019article <a rel=\"nofollow\" href=\"https:\/\/lepays.bf\/radiations-de-soldats-de-larmee-centrafricaine-attention-au-retour-de-manivelle\/\">RADIATIONS DE SOLDATS, DE L\u2019ARMEE CENTRAFRICAINE : Attention au retour de manivelle\u00a0!<\/a> est apparu en premier sur <a rel=\"nofollow\" href=\"https:\/\/lepays.bf\/\">Editions Le Pays<\/a>.<\/p>\n<\/div>\n<p>Auteur: Editions LEPAYS<br \/>\n<a href=\"https:\/\/lepays.bf\/radiations-de-soldats-de-larmee-centrafricaine-attention-au-retour-de-manivelle\/\">Cliquez ici pour lire l&rsquo;article depuis sa source.<\/a><\/p>\n","protected":false},"excerpt":{"rendered":"<p>Coup de balai au sein de la Grande muette centrafricaine\u00a0! Plus de quatre-vingt soldats viennent d\u2019\u00eatre radi\u00e9s de l\u2019arm\u00e9e, en fin de semaine, selon un d\u00e9cret sign\u00e9 du ministre centrafricain de la D\u00e9fense. Il est reproch\u00e9 \u00e0 ces militaires, des faits d\u2019indiscipline, de rackets ou [\u2026] L\u2019article RADIATIONS DE SOLDATS, DE L\u2019ARMEE CENTRAFRICAINE : Attention [&hellip;]<\/p>\n","protected":false},"author":1813,"featured_media":0,"comment_status":"closed","ping_status":"closed","sticky":false,"template":"","format":"standard","meta":{"fifu_image_url":"https:\/\/lepays.bf\/wp-content\/uploads\/2022\/03\/radiation.webp","fifu_image_alt":"RADIATIONS DE SOLDATS, DE L\u2019ARMEE CENTRAFRICAINE : Attention au retour de manivelle\u00a0!","footnotes":""},"categories":[73,81],"tags":[],"class_list":["post-142726","post","type-post","status-publish","format-standard","hentry","category-actualite","category-burkina-faso"],"_links":{"self":[{"href":"https:\/\/linitiative.ca\/International\/wp-json\/wp\/v2\/posts\/142726","targetHints":{"allow":["GET"]}}],"collection":[{"href":"https:\/\/linitiative.ca\/International\/wp-json\/wp\/v2\/posts"}],"about":[{"href":"https:\/\/linitiative.ca\/International\/wp-json\/wp\/v2\/types\/post"}],"author":[{"embeddable":true,"href":"https:\/\/linitiative.ca\/International\/wp-json\/wp\/v2\/users\/1813"}],"replies":[{"embeddable":true,"href":"https:\/\/linitiative.ca\/International\/wp-json\/wp\/v2\/comments?post=142726"}],"version-history":[{"count":0,"href":"https:\/\/linitiative.ca\/International\/wp-json\/wp\/v2\/posts\/142726\/revisions"}],"wp:attachment":[{"href":"https:\/\/linitiative.ca\/International\/wp-json\/wp\/v2\/media?parent=142726"}],"wp:term":[{"taxonomy":"category","embeddable":true,"href":"https:\/\/linitiative.ca\/International\/wp-json\/wp\/v2\/categories?post=142726"},{"taxonomy":"post_tag","embeddable":true,"href":"https:\/\/linitiative.ca\/International\/wp-json\/wp\/v2\/tags?post=142726"}],"curies":[{"name":"wp","href":"https:\/\/api.w.org\/{rel}","templated":true}]}}