{"id":142728,"date":"2022-03-09T08:56:15","date_gmt":"2022-03-09T13:56:15","guid":{"rendered":"https:\/\/linitiative.ca\/International\/diplomatie-la-mauritanie-accuse-larmee-malienne-dassassiner-ses-ressortissants\/"},"modified":"2022-03-09T08:56:15","modified_gmt":"2022-03-09T13:56:15","slug":"diplomatie-la-mauritanie-accuse-larmee-malienne-dassassiner-ses-ressortissants","status":"publish","type":"post","link":"https:\/\/linitiative.ca\/International\/diplomatie-la-mauritanie-accuse-larmee-malienne-dassassiner-ses-ressortissants\/","title":{"rendered":"Diplomatie\u00a0: La\u00a0Mauritanie accuse l\u2019arm\u00e9e malienne d\u2019assassiner ses ressortissants"},"content":{"rendered":"<div>\n<p>Les relations entre le Mali et la Mauritanie se sont fragilis\u00e9e ces mois-ci. Le pouvoir mauritanien accuse son voisin de crimes sur ses ressortissants. Plusieurs\u00a0citoyens mauritaniens ont m\u00eame manifest\u00e9 contre l\u2019arm\u00e9e malienne devant le palais pr\u00e9sidentiel.<\/p>\n<p>Selon les t\u00e9moignages recueillis par apanews, plusieurs ressortissants mauritaniens ont \u00e9t\u00e9 tu\u00e9s ou port\u00e9s disparus dans une zone malienne qui jouxte le territoire mauritanien.\u00a0\u00a0Dans un communiqu\u00e9 publi\u00e9 le mardi 8 mars, le minist\u00e8re mauritanien des Affaires \u00e9trang\u00e8res a annonc\u00e9 avoir convoqu\u00e9 l\u2019ambassadeur du Mali \u00e0 Nouakchott pour lui signifier sa\u00a0<em>\u00ab vive protestation contre les r\u00e9cents actes criminels r\u00e9currents \u00bb\u00a0<\/em>commis par l\u2019arm\u00e9e malienne contre des citoyens mauritaniens se trouvant au Mali.<\/p>\n<p>Sous embargo\u00a0\u00a0\u00a0de la Communaut\u00e9 \u00e9conomique des \u00c9tats d\u2019Afrique de l\u2019Ouest (C\u00e9d\u00e9ao), le Mali effectue ses \u00e9changes commerciaux avec le monde\u00a0gr\u00e2ce aux ports mauritaniens.<\/p>\n<p><strong>La R\u00e9daction<\/strong><\/p>\n<p>L\u2019article <a rel=\"nofollow\" href=\"https:\/\/www.sidwaya.info\/blog\/2022\/03\/09\/diplomatie-la-mauritanie-accuse-larmee-malienne-dassassiner-ses-ressortissants\/\">Diplomatie\u00a0: La\u00a0Mauritanie accuse l\u2019arm\u00e9e malienne d\u2019assassiner ses ressortissants<\/a> est apparu en premier sur <a rel=\"nofollow\" href=\"https:\/\/www.sidwaya.info\/\">Quotidien Sidwaya<\/a>.<\/p>\n<\/div>\n<p>Auteur: Wamini SIDWAYA<br \/>\n<a href=\"https:\/\/www.sidwaya.info\/blog\/2022\/03\/09\/diplomatie-la-mauritanie-accuse-larmee-malienne-dassassiner-ses-ressortissants\/?utm_source=rss&#038;utm_medium=rss&#038;utm_campaign=diplomatie-la-mauritanie-accuse-larmee-malienne-dassassiner-ses-ressortissants\">Cliquez ici pour lire l&rsquo;article depuis sa source.<\/a><\/p>\n","protected":false},"excerpt":{"rendered":"<p>Les relations entre le Mali et la Mauritanie se sont fragilis\u00e9e ces mois-ci. Le pouvoir mauritanien accuse son voisin de crimes sur ses ressortissants. Plusieurs\u00a0citoyens mauritaniens ont m\u00eame manifest\u00e9 contre l\u2019arm\u00e9e malienne devant le palais pr\u00e9sidentiel. Selon les t\u00e9moignages recueillis par apanews, plusieurs ressortissants mauritaniens ont \u00e9t\u00e9 tu\u00e9s ou port\u00e9s disparus dans une zone malienne [&hellip;]<\/p>\n","protected":false},"author":1816,"featured_media":0,"comment_status":"closed","ping_status":"closed","sticky":false,"template":"","format":"standard","meta":{"fifu_image_url":"","fifu_image_alt":"","footnotes":""},"categories":[73,81],"tags":[],"class_list":["post-142728","post","type-post","status-publish","format-standard","hentry","category-actualite","category-burkina-faso"],"_links":{"self":[{"href":"https:\/\/linitiative.ca\/International\/wp-json\/wp\/v2\/posts\/142728","targetHints":{"allow":["GET"]}}],"collection":[{"href":"https:\/\/linitiative.ca\/International\/wp-json\/wp\/v2\/posts"}],"about":[{"href":"https:\/\/linitiative.ca\/International\/wp-json\/wp\/v2\/types\/post"}],"author":[{"embeddable":true,"href":"https:\/\/linitiative.ca\/International\/wp-json\/wp\/v2\/users\/1816"}],"replies":[{"embeddable":true,"href":"https:\/\/linitiative.ca\/International\/wp-json\/wp\/v2\/comments?post=142728"}],"version-history":[{"count":0,"href":"https:\/\/linitiative.ca\/International\/wp-json\/wp\/v2\/posts\/142728\/revisions"}],"wp:attachment":[{"href":"https:\/\/linitiative.ca\/International\/wp-json\/wp\/v2\/media?parent=142728"}],"wp:term":[{"taxonomy":"category","embeddable":true,"href":"https:\/\/linitiative.ca\/International\/wp-json\/wp\/v2\/categories?post=142728"},{"taxonomy":"post_tag","embeddable":true,"href":"https:\/\/linitiative.ca\/International\/wp-json\/wp\/v2\/tags?post=142728"}],"curies":[{"name":"wp","href":"https:\/\/api.w.org\/{rel}","templated":true}]}}