{"id":142729,"date":"2022-03-09T09:14:13","date_gmt":"2022-03-09T14:14:13","guid":{"rendered":"https:\/\/linitiative.ca\/International\/guerre-en-ukraine-macky-sall-negocie-un-cessez-le-feu-avec-vladimir-poutine\/"},"modified":"2022-03-09T09:14:13","modified_gmt":"2022-03-09T14:14:13","slug":"guerre-en-ukraine-macky-sall-negocie-un-cessez-le-feu-avec-vladimir-poutine","status":"publish","type":"post","link":"https:\/\/linitiative.ca\/International\/guerre-en-ukraine-macky-sall-negocie-un-cessez-le-feu-avec-vladimir-poutine\/","title":{"rendered":"Guerre en Ukraine : Macky Sall n\u00e9gocie un cessez-le-feu\u00a0avec Vladimir Poutine"},"content":{"rendered":"<div>\n<p>L\u2019Union africaine(UA) entend contribuer \u00e0 la r\u00e9solution du conflit entre la Russie et l\u2019Ukraine. C\u2019est dans ce sens que le pr\u00e9sident en exercice de l\u2019Union africaine, le chef de l\u2019Etat s\u00e9n\u00e9galais, Macky Sall, s\u2019est entretenu au t\u00e9l\u00e9phone ce mercredi matin, avec le pr\u00e9sident russe Vladimir Poutine pour chercher des voies et moyens de trouver un consensus pour un cessez-le-feu durable en Ukraine. <em>\u00ab Je me r\u00e9jouis de mon entretien de ce matin avec le Pr\u00e9sident Poutine en ma qualit\u00e9 de Pr\u00e9sident de l\u2019Union Africaine pour solliciter un cessez-le-feu durable en Ukraine. Je salue son \u00e9coute et sa disponibilit\u00e9 \u00e0 maintenir le dialogue pour une issue n\u00e9goci\u00e9e du conflit\u00a0\u00bb,<\/em>\u00a0a-t-il \u00e9crit sur Twitter.<\/p>\n<p>(Source\u00a0: senenews)<\/p>\n<p><strong>La R\u00e9daction<\/strong><\/p>\n<p>\u00a0<\/p>\n<p>\u00a0<\/p>\n<p>L\u2019article <a rel=\"nofollow\" href=\"https:\/\/www.sidwaya.info\/blog\/2022\/03\/09\/guerre-en-ukraine-macky-sall-negocie-un-cessez-le-feu-avec-vladimir-poutine\/\">Guerre en Ukraine : Macky Sall n\u00e9gocie un cessez-le-feu\u00a0avec Vladimir Poutine<\/a> est apparu en premier sur <a rel=\"nofollow\" href=\"https:\/\/www.sidwaya.info\/\">Quotidien Sidwaya<\/a>.<\/p>\n<\/div>\n<p>Auteur: Wamini SIDWAYA<br \/>\n<a href=\"https:\/\/www.sidwaya.info\/blog\/2022\/03\/09\/guerre-en-ukraine-macky-sall-negocie-un-cessez-le-feu-avec-vladimir-poutine\/?utm_source=rss&#038;utm_medium=rss&#038;utm_campaign=guerre-en-ukraine-macky-sall-negocie-un-cessez-le-feu-avec-vladimir-poutine\">Cliquez ici pour lire l&rsquo;article depuis sa source.<\/a><\/p>\n","protected":false},"excerpt":{"rendered":"<p>L\u2019Union africaine(UA) entend contribuer \u00e0 la r\u00e9solution du conflit entre la Russie et l\u2019Ukraine. C\u2019est dans ce sens que le pr\u00e9sident en exercice de l\u2019Union africaine, le chef de l\u2019Etat s\u00e9n\u00e9galais, Macky Sall, s\u2019est entretenu au t\u00e9l\u00e9phone ce mercredi matin, avec le pr\u00e9sident russe Vladimir Poutine pour chercher des voies et moyens de trouver un [&hellip;]<\/p>\n","protected":false},"author":1816,"featured_media":0,"comment_status":"closed","ping_status":"closed","sticky":false,"template":"","format":"standard","meta":{"fifu_image_url":"","fifu_image_alt":"","footnotes":""},"categories":[73,81],"tags":[],"class_list":["post-142729","post","type-post","status-publish","format-standard","hentry","category-actualite","category-burkina-faso"],"_links":{"self":[{"href":"https:\/\/linitiative.ca\/International\/wp-json\/wp\/v2\/posts\/142729","targetHints":{"allow":["GET"]}}],"collection":[{"href":"https:\/\/linitiative.ca\/International\/wp-json\/wp\/v2\/posts"}],"about":[{"href":"https:\/\/linitiative.ca\/International\/wp-json\/wp\/v2\/types\/post"}],"author":[{"embeddable":true,"href":"https:\/\/linitiative.ca\/International\/wp-json\/wp\/v2\/users\/1816"}],"replies":[{"embeddable":true,"href":"https:\/\/linitiative.ca\/International\/wp-json\/wp\/v2\/comments?post=142729"}],"version-history":[{"count":0,"href":"https:\/\/linitiative.ca\/International\/wp-json\/wp\/v2\/posts\/142729\/revisions"}],"wp:attachment":[{"href":"https:\/\/linitiative.ca\/International\/wp-json\/wp\/v2\/media?parent=142729"}],"wp:term":[{"taxonomy":"category","embeddable":true,"href":"https:\/\/linitiative.ca\/International\/wp-json\/wp\/v2\/categories?post=142729"},{"taxonomy":"post_tag","embeddable":true,"href":"https:\/\/linitiative.ca\/International\/wp-json\/wp\/v2\/tags?post=142729"}],"curies":[{"name":"wp","href":"https:\/\/api.w.org\/{rel}","templated":true}]}}