{"id":142731,"date":"2022-03-09T11:16:25","date_gmt":"2022-03-09T16:16:25","guid":{"rendered":"https:\/\/linitiative.ca\/International\/designation-des-deputes-de-lassemblee-legislative-de-la-transition-pas-de-consensus-au-centre-nord\/"},"modified":"2022-03-09T11:16:25","modified_gmt":"2022-03-09T16:16:25","slug":"designation-des-deputes-de-lassemblee-legislative-de-la-transition-pas-de-consensus-au-centre-nord","status":"publish","type":"post","link":"https:\/\/linitiative.ca\/International\/designation-des-deputes-de-lassemblee-legislative-de-la-transition-pas-de-consensus-au-centre-nord\/","title":{"rendered":"D\u00e9signation des d\u00e9put\u00e9s de l\u2019Assembl\u00e9e l\u00e9gislative de la transition  Pas \u00a0de consensus au \u00a0centre nord"},"content":{"rendered":"<div>\n<p>Les neuf candidats de la r\u00e9gion du Centre-Nord, soit trois par provinces dont deux chefs coutumiers (Naaba Koom, chef de canton du Sanmatenga et le chef de Kirrouttenga du Bal) et trois femmes, n\u2019ont r\u00e9ussi \u00e0 choisir leur d\u00e9put\u00e9 et son suppl\u00e9ant pour si\u00e9ger \u00e0 l\u2019Assembl\u00e9e l\u00e9gislative de la transition (ALT).<\/p>\n<p>Le \u00a0gouverneur \u00a0leur avait demand\u00e9 de se concerter et designer un candidat par consensus qui a dur\u00e9 2h10mn au lieu de 30 mn accord\u00e9es.<\/p>\n<p>La commission compos\u00e9e du secr\u00e9taire g\u00e9n\u00e9ral de la r\u00e9gion, des trois hauts commissaires des trois provinces et six autres personnes compos\u00e9s des OSC, des femmes, jeunes, coutumier, religieux et handicap\u00e9, \u00a0n\u2019ont pas pu designer le candidat.<\/p>\n<p>La derni\u00e8re \u00e9tape propos\u00e9e par le gouverneur Casimir S\u00e9gu\u00e9da est le tirage au sort qui a \u00e9t\u00e9 rejet\u00e9 cat\u00e9goriquement par les supporters de Naaba Koom. Pour leur candidat doit \u00eatre en t\u00eate et on va prendre le suppl\u00e9ant parmi les deux autres provinces (Bam et Namentenga).<\/p>\n<p>En conclusion, le gouverneur a manifest\u00e9 son m\u00e9contentement du fait que sa r\u00e9gion n\u2019a pas pu designer le d\u00e9put\u00e9 et son suppl\u00e9ant tout en signalant qu\u2019il fera le rapport pour aviser son sup\u00e9rieur hi\u00e9rarchique et d\u2019en informer les candidats de ce qui adviendra comme d\u00e9cision depuis Ouagadougou.<\/p>\n<p>\u00a0<\/p>\n<p>Emil Abdoul Razak SEGDA<\/p>\n<p>L\u2019article <a rel=\"nofollow\" href=\"https:\/\/www.sidwaya.info\/blog\/2022\/03\/09\/designation-des-deputes-de-lassemblee-legislative-de-la-transition-pas-de-consensus-au-centre-nord\/\">D\u00e9signation des d\u00e9put\u00e9s de l\u2019Assembl\u00e9e l\u00e9gislative de la transition  Pas \u00a0de consensus au \u00a0centre nord<\/a> est apparu en premier sur <a rel=\"nofollow\" href=\"https:\/\/www.sidwaya.info\/\">Quotidien Sidwaya<\/a>.<\/p>\n<\/div>\n<p>Auteur: BS. Sidwaya<br \/>\n<a href=\"https:\/\/www.sidwaya.info\/blog\/2022\/03\/09\/designation-des-deputes-de-lassemblee-legislative-de-la-transition-pas-de-consensus-au-centre-nord\/?utm_source=rss&#038;utm_medium=rss&#038;utm_campaign=designation-des-deputes-de-lassemblee-legislative-de-la-transition-pas-de-consensus-au-centre-nord\">Cliquez ici pour lire l&rsquo;article depuis sa source.<\/a><\/p>\n","protected":false},"excerpt":{"rendered":"<p>Les neuf candidats de la r\u00e9gion du Centre-Nord, soit trois par provinces dont deux chefs coutumiers (Naaba Koom, chef de canton du Sanmatenga et le chef de Kirrouttenga du Bal) et trois femmes, n\u2019ont r\u00e9ussi \u00e0 choisir leur d\u00e9put\u00e9 et son suppl\u00e9ant pour si\u00e9ger \u00e0 l\u2019Assembl\u00e9e l\u00e9gislative de la transition (ALT). Le \u00a0gouverneur \u00a0leur avait [&hellip;]<\/p>\n","protected":false},"author":1816,"featured_media":0,"comment_status":"closed","ping_status":"closed","sticky":false,"template":"","format":"standard","meta":{"fifu_image_url":"","fifu_image_alt":"","footnotes":""},"categories":[73,81],"tags":[],"class_list":["post-142731","post","type-post","status-publish","format-standard","hentry","category-actualite","category-burkina-faso"],"_links":{"self":[{"href":"https:\/\/linitiative.ca\/International\/wp-json\/wp\/v2\/posts\/142731","targetHints":{"allow":["GET"]}}],"collection":[{"href":"https:\/\/linitiative.ca\/International\/wp-json\/wp\/v2\/posts"}],"about":[{"href":"https:\/\/linitiative.ca\/International\/wp-json\/wp\/v2\/types\/post"}],"author":[{"embeddable":true,"href":"https:\/\/linitiative.ca\/International\/wp-json\/wp\/v2\/users\/1816"}],"replies":[{"embeddable":true,"href":"https:\/\/linitiative.ca\/International\/wp-json\/wp\/v2\/comments?post=142731"}],"version-history":[{"count":0,"href":"https:\/\/linitiative.ca\/International\/wp-json\/wp\/v2\/posts\/142731\/revisions"}],"wp:attachment":[{"href":"https:\/\/linitiative.ca\/International\/wp-json\/wp\/v2\/media?parent=142731"}],"wp:term":[{"taxonomy":"category","embeddable":true,"href":"https:\/\/linitiative.ca\/International\/wp-json\/wp\/v2\/categories?post=142731"},{"taxonomy":"post_tag","embeddable":true,"href":"https:\/\/linitiative.ca\/International\/wp-json\/wp\/v2\/tags?post=142731"}],"curies":[{"name":"wp","href":"https:\/\/api.w.org\/{rel}","templated":true}]}}