{"id":142734,"date":"2022-03-09T15:18:02","date_gmt":"2022-03-09T20:18:02","guid":{"rendered":"https:\/\/linitiative.ca\/International\/la-communication-lecrin-du-bonheur-de-livoirienne-alice-begnulu\/"},"modified":"2022-03-09T15:18:02","modified_gmt":"2022-03-09T20:18:02","slug":"la-communication-lecrin-du-bonheur-de-livoirienne-alice-begnulu","status":"publish","type":"post","link":"https:\/\/linitiative.ca\/International\/la-communication-lecrin-du-bonheur-de-livoirienne-alice-begnulu\/","title":{"rendered":"La communication, l\u2019\u00e9crin du bonheur de l\u2019Ivoirienne Alice Begnulu"},"content":{"rendered":"<div>\n<p><img decoding=\"async\" width=\"721\" height=\"1080\" src=\"https:\/\/linitiative.ca\/International\/wp-content\/uploads\/sites\/23\/2022\/03\/16468570831128.jpg\" class=\"attachment-post-thumbnail size-post-thumbnail wp-post-image\" alt=\"\" loading=\"lazy\" srcset=\"https:\/\/linitiative.ca\/International\/wp-content\/uploads\/sites\/23\/2022\/03\/16468570831128.jpg 721w, https:\/\/www.journalducameroun.com\/wp-content\/uploads\/2022\/03\/16468570831128-200x300.jpg 200w, https:\/\/www.journalducameroun.com\/wp-content\/uploads\/2022\/03\/16468570831128-684x1024.jpg 684w, https:\/\/www.journalducameroun.com\/wp-content\/uploads\/2022\/03\/16468570831128-294x440.jpg 294w, https:\/\/www.journalducameroun.com\/wp-content\/uploads\/2022\/03\/16468570831128-600x899.jpg 600w\" sizes=\"auto, (max-width: 721px) 100vw, 721px\"><\/p>\n<p>Le spectre m\u00e9diatique, un r\u00eave de Alice Begnulu (53 ans), est aujourd&rsquo;hui effectif pour cette secr\u00e9taire de direction de formation, devenue par son abn\u00e9gation, chef de service au minist\u00e8re ivoirien de la Communication, des m\u00e9dias et de la Francophonie.Issue d&rsquo;une famille modeste, Alice Begnulu passe une enfance heureuse mais aussi difficile. Elle est \u00e9duqu\u00e9e, en campagne, par son grand-p\u00e8re et sa grand-m\u00e8re, qui la scolarisent, en d\u00e9pit de sa mobilit\u00e9 r\u00e9duite.\u00a0<\/p>\n<p>La situation de handicap, rapporte-t-elle, a \u00e9t\u00e9 \u00ab\u00a0vraiment difficile\u00a0\u00bb pour elle \u00e0 son enfance. Jusqu&rsquo;\u00e0 trois ans, Alice a les jambes fermes, mais la polio survenant, son pied gauche se \u00ab\u00a0retrouve paralys\u00e9e\u00a0\u00bb. Et ce, jusqu&rsquo;\u00e0 l&rsquo;\u00e2ge de sept ans.\u00a0<\/p>\n<p>Sa grand-m\u00e8re et des membres de la famille la portent au dos pour aller l&rsquo;installer en classe, un exercice quotidien, alors que l&rsquo;Ecole primaire publique Kotokouassikro, l&rsquo;\u00e9tablissement qu&rsquo;elle fr\u00e9quente, se trouve \u00e0 1 Km de Dj\u00e9kanou (centre). \u00a0 \u00a0 \u00a0\u00a0<\/p>\n<p>Suite \u00e0 des soins intensifs dans un \u00e9tablissement hospitalier, \u00e0 Abidjan, \u00e0 partir de la classe de CE1, Alice commence \u00e0 faire usage de ses jambes. En 1982, elle obtient le CEPE \u00e0 l&rsquo;EPP Kotokouassikro, mais pas l&rsquo;entr\u00e9e en sixi\u00e8me.\u00a0<\/p>\n<p>Stigmatis\u00e9e, souvent, elle garde son sang-froid. Un jour, apr\u00e8s un pugilat avec un autre enfant, la g\u00e9nitrice de cette derni\u00e8re la qualifie d'\u00a0\u00bbenfant serpent\u00a0\u00bb et s&rsquo;interroge ce qu&rsquo;Alice va d&rsquo;ailleurs faire \u00e0 l&rsquo;\u00e9cole, mais en r\u00e9plique, la grand-m\u00e8re d&rsquo;Alice d\u00e9clare \u00ab\u00a0l&rsquo;avenir nous dira ce qu&rsquo;elle va devenir\u00a0\u00bb.\u00a0<\/p>\n<p>\u00a0Pour les \u00e9tudes secondaires, son p\u00e8re l&rsquo;inscrit au Coll\u00e8ge moderne mixte de Bingerville, une banlieue \u00e0 l&rsquo;Est d&rsquo;Abidjan. L\u00e0, elle fait les classes de 6e jusqu&rsquo;\u00e0 la 3e et d\u00e9croche son Brevet d&rsquo;\u00e9tude du premier cycle (BEPC), avant d&rsquo;int\u00e9grer le Coll\u00e8ge d&rsquo;enseignement technique commercial de Treichville.\u00a0<\/p>\n<p>Aujourd&rsquo;hui, Alice remercie son professeur d&rsquo;anglais qui l&rsquo;a encourag\u00e9e \u00e0 embraser dans ce coll\u00e8ge, l&rsquo;enseignement technique au regard de sa mobilit\u00e9 r\u00e9duite. Elle est orient\u00e9e dans la fili\u00e8re de secr\u00e9tariat.\u00a0<\/p>\n<p>Dans son cursus, Alice obtient de 1990-1991, au Lyc\u00e9e professionnel et commercial de Yopougon, le Brevet de technicien (BT). Avec ce s\u00e9same, elle int\u00e8gre le secr\u00e9tariat d&rsquo;une entreprise priv\u00e9e, o\u00f9 elle subit, en raison de son handicap, \u00ab\u00a0une frustration\u00a0\u00bb durant six ans. \u00a0<\/p>\n<p>Cela l&rsquo;am\u00e8ne \u00e0 passer le concours de la fonction publique, en 97, un test qu&rsquo;elle r\u00e9ussit. Depuis son enfance, Alice r\u00eave de faire la communication audiovisuelle. La jeune dame est affect\u00e9e le 1er septembre 1997 au minist\u00e8re de la Communication. \u00a0<\/p>\n<p>Arriv\u00e9e dans le milieu de la communication \u00ab\u00a0par amour\u00a0\u00bb, Alice est \u00e9panouie. Au minist\u00e8re de la Communication, son handicap est ignor\u00e9. Le 16 d\u00e9cembre 2021, ses qualit\u00e9s professionnelles sont couronn\u00e9es par la m\u00e9daille de Chevalier de l&rsquo;Ordre du m\u00e9rite de la communication.\u00a0<\/p>\n<p>\u00a0\u00ab\u00a0Je voulais travailler l\u00e0 o\u00f9 on communique et cette m\u00e9daille est venue couronner ce choix que j&rsquo;ai fait. C&rsquo;est vrai, \u00e7a n&rsquo;a pas \u00e9t\u00e9 toujours facile de regagner mon lieu de travail, mais dans la vie quand on a un travail, il faut le faire avec joie; et donc je le fais avec joie\u00a0\u00bb, confit-elle. \u00a0\u00a0<\/p>\n<p>Depuis 98, Mme Alice Begnulu a en charge des questions li\u00e9es \u00e0 la presse \u00e9trang\u00e8re. En 2019, elle est nomm\u00e9e chef de service des relations avec la presse \u00e9trang\u00e8re \u00e0 la Direction des partenariats et du d\u00e9veloppement des m\u00e9dias, au minist\u00e8re de la Communication.\u00a0<\/p>\n<p>M. Guillaume Beda, actuel directeur des partenariats et du d\u00e9veloppement des m\u00e9dias dudit minist\u00e8re, remarque \u00e0 son arriv\u00e9e, en 2018, la qualit\u00e9 du traitement des dossiers relatifs aux journalistes de la presse \u00e9trang\u00e8re.\u00a0<\/p>\n<p>Assistante de direction de la directrice en charge des Affaires juridiques, Mme Alice Begnulu est d\u00e9tach\u00e9e par M. Beda aupr\u00e8s de sa direction, o\u00f9 elle est promue chef de service charg\u00e9e des relations avec la presse \u00e9trang\u00e8re.\u00a0<\/p>\n<p>\u00ab\u00a0J&rsquo;ai trouv\u00e9 vraiment une femme engag\u00e9e et concentr\u00e9e sur son sujet\u00a0\u00bb, rel\u00e8ve le directeur des partenariats et du d\u00e9veloppement des m\u00e9dias, M. Guillaume Beda, tout en affirmant \u00ab\u00a0c&rsquo;est mon meilleur agent\u00a0\u00bb.\u00a0<\/p>\n<p>Mme Aka Desquith, directrice des Affaires juridiques et de la coop\u00e9ration internationale, affect\u00e9e en octobre 2018, a eu pour assistante Mme Begnulu qu&rsquo;elle qualifie d'\u00a0\u00bbune femme tr\u00e8s discr\u00e8te\u00a0\u00bb, qui a \u00ab\u00a0le sens du service\u00a0\u00bb.<\/p>\n<p>\u00ab\u00a0Elle est aussi tr\u00e8s aimable\u00a0\u00bb, poursuit-elle, en parlant de Mme Alice Begnulu, \u00ab\u00a0la doyenne dans sa direction, quelqu&rsquo;un sur qui elle s&rsquo;est beaucoup appuy\u00e9e pour pouvoir d\u00e9marrer (son) service\u00a0\u00bb, car \u00ab\u00a0elle avait tout le fond documentaire n\u00e9cessaire pour faire un bon travail\u00a0\u00bb.\u00a0<\/p>\n<p>\u00ab\u00a0Sociable\u00a0\u00bb, Mme Aka l&rsquo;appelle affectueusement \u00ab\u00a0Maman Bceao\u00a0\u00bb, parce que \u00ab\u00a0toujours joyeuse, avec une bonne humeur qui est naturelle en toute circonstance\u00a0\u00bb. Pour elle, Mme Alice Begnulu est une dame qui \u00ab\u00a0apprend vite et est tr\u00e8s rigoureuse dans le travail\u00a0\u00bb. \u00a0 \u00a0<\/p>\n<p>Aujourd&rsquo;hui, mari\u00e9e (le 8 avril 1995), Alice Begnulu est m\u00e8re d&rsquo;un enfant. Elle va ensuite adopter trois enfants dans la grande famille. Epanouie, Alice Kouassi Begnulu dispose d&rsquo;un permis de conduire.<\/p>\n<p>Le placali, un mets local, fait \u00e0 base de manioc est son plat pr\u00e9f\u00e9r\u00e9. Outre cela, elle consomme beaucoup de fruits. Dans les relations humaines, Alice Begnulu \u00ab\u00a0n&rsquo;aime pas l&rsquo;hypocrisie\u00a0\u00bb et ou qu&rsquo;on lui montre qu&rsquo;on est plus intelligent. \u00a0<\/p>\n<p>Secr\u00e9taire de direction, Mme Alice Kouassi \u00e9pouse Begnulu-Adinlin est par son savoir-faire chef de service. Chaque emploi a un profil, et le dernier grade de sa carri\u00e8re est l&rsquo;attach\u00e9e de direction, un niveau qu&rsquo;elle envisage d&rsquo;atteindre avant son d\u00e9part \u00e0 la retraite, en 2028.\u00a0<\/p>\n<p>Cet article <a rel=\"nofollow\" href=\"https:\/\/www.journalducameroun.com\/la-communication-lecrin-du-bonheur-de-livoirienne-alice-begnulu\/\">La communication, l\u2019\u00e9crin du bonheur de l\u2019Ivoirienne Alice Begnulu<\/a> est apparu en premier sur <a rel=\"nofollow\" href=\"https:\/\/www.journalducameroun.com\/\">Journal du Cameroun<\/a>.<\/p>\n<\/div>\n<p>Auteur: APA News<br \/>\n<a href=\"https:\/\/www.journalducameroun.com\/la-communication-lecrin-du-bonheur-de-livoirienne-alice-begnulu\/\">Cliquez ici pour lire l&rsquo;article depuis sa source.<\/a><\/p>\n","protected":false},"excerpt":{"rendered":"<p>Le spectre m\u00e9diatique, un r\u00eave de Alice Begnulu (53 ans), est aujourd&rsquo;hui effectif pour cette secr\u00e9taire de direction de formation, devenue par son abn\u00e9gation, chef de service au minist\u00e8re ivoirien de la Communication, des m\u00e9dias et de la Francophonie.Issue d&rsquo;une famille modeste, Alice Begnulu passe une enfance heureuse mais aussi difficile. Elle est \u00e9duqu\u00e9e, en [&hellip;]<\/p>\n","protected":false},"author":1965,"featured_media":0,"comment_status":"closed","ping_status":"closed","sticky":false,"template":"","format":"standard","meta":{"fifu_image_url":"https:\/\/www.journalducameroun.com\/wp-content\/uploads\/2022\/03\/16468570831128.jpg","fifu_image_alt":"La communication, l\u2019\u00e9crin du bonheur de l\u2019Ivoirienne Alice Begnulu","footnotes":""},"categories":[73,82],"tags":[],"class_list":["post-142734","post","type-post","status-publish","format-standard","hentry","category-actualite","category-cameroun"],"_links":{"self":[{"href":"https:\/\/linitiative.ca\/International\/wp-json\/wp\/v2\/posts\/142734","targetHints":{"allow":["GET"]}}],"collection":[{"href":"https:\/\/linitiative.ca\/International\/wp-json\/wp\/v2\/posts"}],"about":[{"href":"https:\/\/linitiative.ca\/International\/wp-json\/wp\/v2\/types\/post"}],"author":[{"embeddable":true,"href":"https:\/\/linitiative.ca\/International\/wp-json\/wp\/v2\/users\/1965"}],"replies":[{"embeddable":true,"href":"https:\/\/linitiative.ca\/International\/wp-json\/wp\/v2\/comments?post=142734"}],"version-history":[{"count":0,"href":"https:\/\/linitiative.ca\/International\/wp-json\/wp\/v2\/posts\/142734\/revisions"}],"wp:attachment":[{"href":"https:\/\/linitiative.ca\/International\/wp-json\/wp\/v2\/media?parent=142734"}],"wp:term":[{"taxonomy":"category","embeddable":true,"href":"https:\/\/linitiative.ca\/International\/wp-json\/wp\/v2\/categories?post=142734"},{"taxonomy":"post_tag","embeddable":true,"href":"https:\/\/linitiative.ca\/International\/wp-json\/wp\/v2\/tags?post=142734"}],"curies":[{"name":"wp","href":"https:\/\/api.w.org\/{rel}","templated":true}]}}