{"id":142738,"date":"2022-03-09T17:18:03","date_gmt":"2022-03-09T22:18:03","guid":{"rendered":"https:\/\/linitiative.ca\/International\/ligue-arabe-adoption-dune-resolution-marocaine-contre-lenrolement-des-enfants-dans-les-conflits-armes\/"},"modified":"2022-03-09T17:18:03","modified_gmt":"2022-03-09T22:18:03","slug":"ligue-arabe-adoption-dune-resolution-marocaine-contre-lenrolement-des-enfants-dans-les-conflits-armes","status":"publish","type":"post","link":"https:\/\/linitiative.ca\/International\/ligue-arabe-adoption-dune-resolution-marocaine-contre-lenrolement-des-enfants-dans-les-conflits-armes\/","title":{"rendered":"Ligue arabe : adoption d\u2019une r\u00e9solution marocaine contre l\u2019enr\u00f4lement des enfants dans les conflits arm\u00e9s"},"content":{"rendered":"<div>\n<p><img decoding=\"async\" width=\"1024\" height=\"682\" src=\"https:\/\/linitiative.ca\/International\/wp-content\/uploads\/sites\/23\/2022\/03\/16468642837623.jpg\" class=\"attachment-post-thumbnail size-post-thumbnail wp-post-image\" alt=\"\" loading=\"lazy\" srcset=\"https:\/\/linitiative.ca\/International\/wp-content\/uploads\/sites\/23\/2022\/03\/16468642837623.jpg 1024w, https:\/\/www.journalducameroun.com\/wp-content\/uploads\/2022\/03\/16468642837623-300x200.jpg 300w, https:\/\/www.journalducameroun.com\/wp-content\/uploads\/2022\/03\/16468642837623-768x512.jpg 768w, https:\/\/www.journalducameroun.com\/wp-content\/uploads\/2022\/03\/16468642837623-661x440.jpg 661w, https:\/\/www.journalducameroun.com\/wp-content\/uploads\/2022\/03\/16468642837623-600x400.jpg 600w\" sizes=\"auto, (max-width: 1024px) 100vw, 1024px\"><\/p>\n<p>Le Conseil de la Ligue des Etats arabes au niveau des ministres des Affaires \u00e9trang\u00e8res a adopt\u00e9, mercredi au Caire, une r\u00e9solution pr\u00e9sent\u00e9e par le Maroc sur la lutte contre l&rsquo;enr\u00f4lement militaire des enfants dans les conflits arm\u00e9s.Le Conseil minist\u00e9riel arabe a, ainsi, charg\u00e9 le Secr\u00e9tariat g\u00e9n\u00e9ral de la Ligue arabe de coordonner avec les Conseils minist\u00e9riels et les instances arabes concern\u00e9es, afin d&rsquo;\u00e9laborer un document annexe qui sera ins\u00e9r\u00e9 dans le \u00ab\u00a0Plan global pour la lutte de l&rsquo;enr\u00f4lement des enfants dans les conflits arm\u00e9s et terroristes\u00a0\u00bb.<\/p>\n<p>L&rsquo;annexe, dont un projet sera soumis \u00e0 la prochaine session du Conseil, doit se pencher sur les dimensions juridique, humaine et celle des droits de l&rsquo;homme en mati\u00e8re de la lutte contre le recrutement des enfants dans les conflits arm\u00e9s.<\/p>\n<p>La d\u00e9cision est fond\u00e9e sur l&rsquo;appel lanc\u00e9 par la Ligue arabe, en novembre 2021, \u00e0 l&rsquo;occasion de la Journ\u00e9e internationale de l&rsquo;Enfant.<\/p>\n<p>Le Conseil s&rsquo;est \u00e9galement f\u00e9licit\u00e9 de l&rsquo;\u00e9tablissement au Maroc du Bureau du Programme des Nations Unies pour la lutte contre le terrorisme et la Formation en Afrique (ONUCT), ainsi que de la co-pr\u00e9sidence du Royaume, avec le Canada, du Forum mondial de la lutte contre le terrorisme.<\/p>\n<p>Cet article <a rel=\"nofollow\" href=\"https:\/\/www.journalducameroun.com\/ligue-arabe-adoption-dune-resolution-marocaine-contre-lenrolement-des-enfants-dans-les-conflits-armes\/\">Ligue arabe : adoption d\u2019une r\u00e9solution marocaine contre l\u2019enr\u00f4lement des enfants dans les conflits arm\u00e9s<\/a> est apparu en premier sur <a rel=\"nofollow\" href=\"https:\/\/www.journalducameroun.com\/\">Journal du Cameroun<\/a>.<\/p>\n<\/div>\n<p>Auteur: APA News<br \/>\n<a href=\"https:\/\/www.journalducameroun.com\/ligue-arabe-adoption-dune-resolution-marocaine-contre-lenrolement-des-enfants-dans-les-conflits-armes\/\">Cliquez ici pour lire l&rsquo;article depuis sa source.<\/a><\/p>\n","protected":false},"excerpt":{"rendered":"<p>Le Conseil de la Ligue des Etats arabes au niveau des ministres des Affaires \u00e9trang\u00e8res a adopt\u00e9, mercredi au Caire, une r\u00e9solution pr\u00e9sent\u00e9e par le Maroc sur la lutte contre l&rsquo;enr\u00f4lement militaire des enfants dans les conflits arm\u00e9s.Le Conseil minist\u00e9riel arabe a, ainsi, charg\u00e9 le Secr\u00e9tariat g\u00e9n\u00e9ral de la Ligue arabe de coordonner avec les [&hellip;]<\/p>\n","protected":false},"author":1965,"featured_media":0,"comment_status":"closed","ping_status":"closed","sticky":false,"template":"","format":"standard","meta":{"fifu_image_url":"https:\/\/www.journalducameroun.com\/wp-content\/uploads\/2022\/03\/16468642837623.jpg","fifu_image_alt":"Ligue arabe : adoption d\u2019une r\u00e9solution marocaine contre l\u2019enr\u00f4lement des enfants dans les conflits arm\u00e9s","footnotes":""},"categories":[73,82],"tags":[],"class_list":["post-142738","post","type-post","status-publish","format-standard","hentry","category-actualite","category-cameroun"],"_links":{"self":[{"href":"https:\/\/linitiative.ca\/International\/wp-json\/wp\/v2\/posts\/142738","targetHints":{"allow":["GET"]}}],"collection":[{"href":"https:\/\/linitiative.ca\/International\/wp-json\/wp\/v2\/posts"}],"about":[{"href":"https:\/\/linitiative.ca\/International\/wp-json\/wp\/v2\/types\/post"}],"author":[{"embeddable":true,"href":"https:\/\/linitiative.ca\/International\/wp-json\/wp\/v2\/users\/1965"}],"replies":[{"embeddable":true,"href":"https:\/\/linitiative.ca\/International\/wp-json\/wp\/v2\/comments?post=142738"}],"version-history":[{"count":0,"href":"https:\/\/linitiative.ca\/International\/wp-json\/wp\/v2\/posts\/142738\/revisions"}],"wp:attachment":[{"href":"https:\/\/linitiative.ca\/International\/wp-json\/wp\/v2\/media?parent=142738"}],"wp:term":[{"taxonomy":"category","embeddable":true,"href":"https:\/\/linitiative.ca\/International\/wp-json\/wp\/v2\/categories?post=142738"},{"taxonomy":"post_tag","embeddable":true,"href":"https:\/\/linitiative.ca\/International\/wp-json\/wp\/v2\/tags?post=142738"}],"curies":[{"name":"wp","href":"https:\/\/api.w.org\/{rel}","templated":true}]}}