{"id":142740,"date":"2022-03-09T17:18:03","date_gmt":"2022-03-09T22:18:03","guid":{"rendered":"https:\/\/linitiative.ca\/International\/maroc-une-politique-dediee-a-lautonomisation-economique-de-la-femme-rurale-en-gestation-banque-centrale\/"},"modified":"2022-03-09T17:18:03","modified_gmt":"2022-03-09T22:18:03","slug":"maroc-une-politique-dediee-a-lautonomisation-economique-de-la-femme-rurale-en-gestation-banque-centrale","status":"publish","type":"post","link":"https:\/\/linitiative.ca\/International\/maroc-une-politique-dediee-a-lautonomisation-economique-de-la-femme-rurale-en-gestation-banque-centrale\/","title":{"rendered":"Maroc: une politique d\u00e9di\u00e9e \u00e0 l\u2019autonomisation \u00e9conomique de la femme rurale en gestation (Banque centrale)"},"content":{"rendered":"<div>\n<p><img decoding=\"async\" width=\"330\" height=\"152\" src=\"https:\/\/linitiative.ca\/International\/wp-content\/uploads\/sites\/23\/2022\/03\/16468642833100.jpg\" class=\"attachment-post-thumbnail size-post-thumbnail wp-post-image\" alt=\"\" loading=\"lazy\" srcset=\"https:\/\/linitiative.ca\/International\/wp-content\/uploads\/sites\/23\/2022\/03\/16468642833100.jpg 330w, https:\/\/www.journalducameroun.com\/wp-content\/uploads\/2022\/03\/16468642833100-300x138.jpg 300w\" sizes=\"auto, (max-width: 330px) 100vw, 330px\"><\/p>\n<p>La Banque centrale du Maroc a annonc\u00e9, mardi, le lancement, dans le cadre de ses initiatives pour la promotion de l&rsquo;inclusion financi\u00e8re, du processus de conception d&rsquo;une politique d\u00e9di\u00e9e \u00e0 l&rsquo;autonomisation \u00e9conomique de la femme rurale, en collaboration avec la Banque europ\u00e9enne pour la reconstruction et le d\u00e9veloppement (BERD).Le lancement de ce processus intervient suite \u00e0 une analyse approfondie de la situation socio-\u00e9conomique de la femme rurale au Maroc, r\u00e9alis\u00e9e par la banque centrale, avec le soutien de l&rsquo;Alliance pour l&rsquo;inclusion financi\u00e8re (AFI) et de l&rsquo;institut international Fletcher School, indique la Banque dans un communiqu\u00e9.<\/p>\n<p>Le projet entre d\u00e9sormais dans la phase de formulation dont l&rsquo;objectif est de construire une politique nationale centr\u00e9e sur les besoins et les aspirations des femmes dans le monde rural.\u00a0<\/p>\n<p>Dans ce cadre, pr\u00e9cise le communiqu\u00e9, l&rsquo;institution mon\u00e9taire marocaine a organis\u00e9, mardi 8 mars, un premier workshop qui a permis de dresser l&rsquo;\u00e9tat des lieux de l&rsquo;inclusion financi\u00e8re et \u00e9conomique de la femme rurale, d&rsquo;identifier les d\u00e9fis \u00e0 relever et la politique \u00e0 mettre en place, de d\u00e9terminer les piliers potentiels pour l&rsquo;autonomisation \u00e9conomique de la femme rurale et de convenir de l&rsquo;approche \u00e0 adopter pour la conduite des prochaines \u00e9tapes du projet.<\/p>\n<p>Cet article <a rel=\"nofollow\" href=\"https:\/\/www.journalducameroun.com\/maroc-une-politique-dediee-a-lautonomisation-economique-de-la-femme-rurale-en-gestation-banque-centrale\/\">Maroc: une politique d\u00e9di\u00e9e \u00e0 l\u2019autonomisation \u00e9conomique de la femme rurale en gestation (Banque centrale)<\/a> est apparu en premier sur <a rel=\"nofollow\" href=\"https:\/\/www.journalducameroun.com\/\">Journal du Cameroun<\/a>.<\/p>\n<\/div>\n<p>Auteur: APA News<br \/>\n<a href=\"https:\/\/www.journalducameroun.com\/maroc-une-politique-dediee-a-lautonomisation-economique-de-la-femme-rurale-en-gestation-banque-centrale\/\">Cliquez ici pour lire l&rsquo;article depuis sa source.<\/a><\/p>\n","protected":false},"excerpt":{"rendered":"<p>La Banque centrale du Maroc a annonc\u00e9, mardi, le lancement, dans le cadre de ses initiatives pour la promotion de l&rsquo;inclusion financi\u00e8re, du processus de conception d&rsquo;une politique d\u00e9di\u00e9e \u00e0 l&rsquo;autonomisation \u00e9conomique de la femme rurale, en collaboration avec la Banque europ\u00e9enne pour la reconstruction et le d\u00e9veloppement (BERD).Le lancement de ce processus intervient suite [&hellip;]<\/p>\n","protected":false},"author":1965,"featured_media":0,"comment_status":"closed","ping_status":"closed","sticky":false,"template":"","format":"standard","meta":{"fifu_image_url":"https:\/\/www.journalducameroun.com\/wp-content\/uploads\/2022\/03\/16468642833100.jpg","fifu_image_alt":"Maroc: une politique d\u00e9di\u00e9e \u00e0 l\u2019autonomisation \u00e9conomique de la femme rurale en gestation (Banque centrale)","footnotes":""},"categories":[73,82],"tags":[],"class_list":["post-142740","post","type-post","status-publish","format-standard","hentry","category-actualite","category-cameroun"],"_links":{"self":[{"href":"https:\/\/linitiative.ca\/International\/wp-json\/wp\/v2\/posts\/142740","targetHints":{"allow":["GET"]}}],"collection":[{"href":"https:\/\/linitiative.ca\/International\/wp-json\/wp\/v2\/posts"}],"about":[{"href":"https:\/\/linitiative.ca\/International\/wp-json\/wp\/v2\/types\/post"}],"author":[{"embeddable":true,"href":"https:\/\/linitiative.ca\/International\/wp-json\/wp\/v2\/users\/1965"}],"replies":[{"embeddable":true,"href":"https:\/\/linitiative.ca\/International\/wp-json\/wp\/v2\/comments?post=142740"}],"version-history":[{"count":0,"href":"https:\/\/linitiative.ca\/International\/wp-json\/wp\/v2\/posts\/142740\/revisions"}],"wp:attachment":[{"href":"https:\/\/linitiative.ca\/International\/wp-json\/wp\/v2\/media?parent=142740"}],"wp:term":[{"taxonomy":"category","embeddable":true,"href":"https:\/\/linitiative.ca\/International\/wp-json\/wp\/v2\/categories?post=142740"},{"taxonomy":"post_tag","embeddable":true,"href":"https:\/\/linitiative.ca\/International\/wp-json\/wp\/v2\/tags?post=142740"}],"curies":[{"name":"wp","href":"https:\/\/api.w.org\/{rel}","templated":true}]}}