{"id":142752,"date":"2022-03-10T08:00:32","date_gmt":"2022-03-10T13:00:32","guid":{"rendered":"https:\/\/linitiative.ca\/International\/prix-lalla-al-moutaaouina-29-cooperatives-feminines-primees\/"},"modified":"2022-03-10T08:00:32","modified_gmt":"2022-03-10T13:00:32","slug":"prix-lalla-al-moutaaouina-29-cooperatives-feminines-primees","status":"publish","type":"post","link":"https:\/\/linitiative.ca\/International\/prix-lalla-al-moutaaouina-29-cooperatives-feminines-primees\/","title":{"rendered":"Prix \u00abLalla Al Moutaaouina\u00bb : 29 coop\u00e9ratives f\u00e9minines prim\u00e9es"},"content":{"rendered":"<div>\n<p><img loading=\"lazy\" decoding=\"async\" width=\"300\" height=\"153\" src=\"https:\/\/linitiative.ca\/International\/wp-content\/uploads\/sites\/23\/2022\/03\/Lalla-Al-Moutaaouina-300x153-1.jpg\" class=\"attachment-medium size-medium wp-post-image\" alt=\"\" srcset=\"https:\/\/linitiative.ca\/International\/wp-content\/uploads\/sites\/23\/2022\/03\/Lalla-Al-Moutaaouina-300x153-1.jpg 300w, https:\/\/aujourdhui.ma\/wp-content\/uploads\/2022\/03\/Lalla-Al-Moutaaouina-274x140.jpg 274w, https:\/\/aujourdhui.ma\/wp-content\/uploads\/2022\/03\/Lalla-Al-Moutaaouina.jpg 746w, https:\/\/aujourdhui.ma\/wp-content\/uploads\/2022\/03\/Lalla-Al-Moutaaouina-165x84.jpg 165w, https:\/\/aujourdhui.ma\/wp-content\/uploads\/2022\/03\/Lalla-Al-Moutaaouina-702x358.jpg 702w\" sizes=\"auto, (max-width: 300px) 100vw, 300px\"><\/p>\n<p><span style=\"font-size: 20px; color: #800000;\"><strong>Vingt-neuf coop\u00e9ratives f\u00e9minines ont d\u00e9croch\u00e9, mardi \u00e0 Rabat, le prix national \u00abLalla Al Moutaaouina\u00bb de la meilleure id\u00e9e de d\u00e9veloppement d\u2019un projet coop\u00e9ratif f\u00e9minin, dont la troisi\u00e8me \u00e9dition s\u2019est tenue cette ann\u00e9e sous le th\u00e8me \u00abPour des dirigeantes de coop\u00e9ratives leaders\u00bb.<\/strong><\/span><br \/>\n<span id=\"more-401998\"><\/span><\/p>\n<p>Ces coop\u00e9ratives, qui ont re\u00e7u leurs prix lors d\u2019une c\u00e9r\u00e9monie pr\u00e9sid\u00e9e par la ministre du tourisme, de l\u2019artisanat et de l\u2019\u00e9conomie sociale et solidaire, Fatim-Zahra Ammor, \u00e0 l\u2019occasion de la Journ\u00e9e internationale des femmes, ont r\u00e9ussi \u00e0 se distinguer parmi 506 id\u00e9es de projets pr\u00e9sent\u00e9es par des coop\u00e9ratives f\u00e9minines dans le cadre d\u2019un appel \u00e0 manifestation d\u2019int\u00e9r\u00eat lanc\u00e9 par l\u2019Office du d\u00e9veloppement de la coop\u00e9ration (ODCO). Elles sont actives au sein de diff\u00e9rentes r\u00e9gions du Royaume et op\u00e8rent notamment dans les secteurs de l\u2019artisanat, l\u2019agriculture, les denr\u00e9es alimentaires, l\u2019argan, le recyclage des d\u00e9chets, le tourisme et les \u00e9nergies renouvelables.<br \/>\nIntervenant \u00e0 cette occasion, Mme Ammor a mis en avant le d\u00e9veloppement consid\u00e9rable que les coop\u00e9ratives f\u00e9minines marocaines ont connu ces derni\u00e8res ann\u00e9es, portant leur nombre \u00e0 plus de 6.000 coop\u00e9ratives compos\u00e9es de plus de 65.000 adh\u00e9rentes, notant que celles-ci repr\u00e9sentent 15% du total des coop\u00e9ratives au Maroc. Elle a, dans ce sens, rappel\u00e9 que durant les cinq derni\u00e8res ann\u00e9es qui avaient suivi la promulgation de la loi 112-12 relative aux coop\u00e9ratives, 4.000 coop\u00e9ratives ont \u00e9t\u00e9 cr\u00e9\u00e9es, soit une moyenne annuelle de 800 coop\u00e9ratives.<\/p>\n<p>S\u2019attardant sur l\u2019autonomisation \u00e9conomique des femmes, la ministre n\u2019a pas manqu\u00e9 de pr\u00e9ciser que celle-ci constitue l\u2019une des principales priorit\u00e9s du minist\u00e8re et qu\u2019elle continuera de figurer parmi les principaux axes strat\u00e9giques permettant de b\u00e2tir une \u00e9conomie inclusive forte, en totale ad\u00e9quation avec les recommandations du nouveau mod\u00e8le de d\u00e9veloppement.<br \/>\nElle a, en outre, fait savoir que l\u2019\u00e9dition de \u00abLalla Al Moutaaouina\u00bb de cette ann\u00e9e est fortement caract\u00e9ris\u00e9e par l\u2019investissement dans le capital humain f\u00e9minin des coop\u00e9ratives. \u00abEn pr\u00e9paration de ce prix, il a \u00e9t\u00e9 proc\u00e9d\u00e9 au lancement d\u2019un programme de formation innovant pour le renforcement des comp\u00e9tences des pr\u00e9sidentes et gestionnaires de coop\u00e9ratives f\u00e9minines, en partenariat avec l\u2019Acad\u00e9mie Canadienne pour la Formation et le Conseil\u00bb, a-t-elle dit. Et de pr\u00e9ciser que plus de 400 femmes ont b\u00e9n\u00e9fici\u00e9 de ce programme qui couvre diff\u00e9rents domaines, tels que le leadership, le montage de projets, la commercialisation ou encore le d\u00e9veloppement de partenariats. Cette formation a \u00e9t\u00e9 couronn\u00e9e par un certificat international d\u00e9cern\u00e9 par l\u2019Acad\u00e9mie canadienne de formation et de conseil.<\/p>\n<p>La ministre a, par ailleurs, indiqu\u00e9 que ce prix est \u00abun gage d\u2019implication\u00bb des partenaires du secteur priv\u00e9, des Conseils r\u00e9gionaux et des bailleurs de fonds dans la r\u00e9alisation des objectifs trac\u00e9s dans le cadre du nouveau mod\u00e8le de d\u00e9veloppement, notamment pour ce qui est de l\u2019autonomisation \u00e9conomique des femmes et du soutien aux projets g\u00e9n\u00e9rateurs de revenus des entreprises coop\u00e9ratives.<\/p>\n<\/div>\n<p>Auteur: ALM<br \/>\n<a href=\"https:\/\/aujourdhui.ma\/economie\/prix-lalla-al-moutaaouina-29-cooperatives-feminines-primees\">Cliquez ici pour lire l&rsquo;article depuis sa source.<\/a><\/p>\n","protected":false},"excerpt":{"rendered":"<p>Vingt-neuf coop\u00e9ratives f\u00e9minines ont d\u00e9croch\u00e9, mardi \u00e0 Rabat, le prix national \u00abLalla Al Moutaaouina\u00bb de la meilleure id\u00e9e de d\u00e9veloppement d\u2019un projet coop\u00e9ratif f\u00e9minin, dont la troisi\u00e8me \u00e9dition s\u2019est tenue cette ann\u00e9e sous le th\u00e8me \u00abPour des dirigeantes de coop\u00e9ratives leaders\u00bb. Ces coop\u00e9ratives, qui ont re\u00e7u leurs prix lors d\u2019une c\u00e9r\u00e9monie pr\u00e9sid\u00e9e par la ministre [&hellip;]<\/p>\n","protected":false},"author":1759,"featured_media":0,"comment_status":"closed","ping_status":"closed","sticky":false,"template":"","format":"standard","meta":{"fifu_image_url":"https:\/\/aujourdhui.ma\/wp-content\/uploads\/2022\/03\/Lalla-Al-Moutaaouina-300x153.jpg","fifu_image_alt":"Prix \u00abLalla Al Moutaaouina\u00bb : 29 coop\u00e9ratives f\u00e9minines prim\u00e9es","footnotes":""},"categories":[73,54],"tags":[],"class_list":["post-142752","post","type-post","status-publish","format-standard","hentry","category-actualite","category-maroc"],"_links":{"self":[{"href":"https:\/\/linitiative.ca\/International\/wp-json\/wp\/v2\/posts\/142752","targetHints":{"allow":["GET"]}}],"collection":[{"href":"https:\/\/linitiative.ca\/International\/wp-json\/wp\/v2\/posts"}],"about":[{"href":"https:\/\/linitiative.ca\/International\/wp-json\/wp\/v2\/types\/post"}],"author":[{"embeddable":true,"href":"https:\/\/linitiative.ca\/International\/wp-json\/wp\/v2\/users\/1759"}],"replies":[{"embeddable":true,"href":"https:\/\/linitiative.ca\/International\/wp-json\/wp\/v2\/comments?post=142752"}],"version-history":[{"count":0,"href":"https:\/\/linitiative.ca\/International\/wp-json\/wp\/v2\/posts\/142752\/revisions"}],"wp:attachment":[{"href":"https:\/\/linitiative.ca\/International\/wp-json\/wp\/v2\/media?parent=142752"}],"wp:term":[{"taxonomy":"category","embeddable":true,"href":"https:\/\/linitiative.ca\/International\/wp-json\/wp\/v2\/categories?post=142752"},{"taxonomy":"post_tag","embeddable":true,"href":"https:\/\/linitiative.ca\/International\/wp-json\/wp\/v2\/tags?post=142752"}],"curies":[{"name":"wp","href":"https:\/\/api.w.org\/{rel}","templated":true}]}}