{"id":142762,"date":"2022-03-09T13:00:00","date_gmt":"2022-03-09T18:00:00","guid":{"rendered":"https:\/\/linitiative.ca\/International\/m-bourita-sentretient-avec-la-sous-secretaire-detat-americaine\/"},"modified":"2022-03-09T13:00:00","modified_gmt":"2022-03-09T18:00:00","slug":"m-bourita-sentretient-avec-la-sous-secretaire-detat-americaine","status":"publish","type":"post","link":"https:\/\/linitiative.ca\/International\/m-bourita-sentretient-avec-la-sous-secretaire-detat-americaine\/","title":{"rendered":"M. Bourita s\u2019entretient avec la Sous-secr\u00e9taire d\u2019\u00c9tat am\u00e9ricaine"},"content":{"rendered":"<div>\n<p class=\"has-text-align-center has-vivid-cyan-blue-color has-text-color\"><strong>Dialogue strat\u00e9gique Maroc-USA<\/strong><\/p>\n<p class=\"has-black-color has-text-color\"><strong>Le ministre des Affaires \u00e9trang\u00e8res, de la Coop\u00e9ration africaine et des Marocains r\u00e9sidant \u00e0 l\u2019\u00e9tranger, M. Nasser Bourita, a eu, mardi \u00e0 Rabat, des consultations politiques avec la Sous-Secr\u00e9taire d\u2019\u00c9tat am\u00e9ricaine, Wendy Sherman, en visite de travail au Royaume en marge du Dialogue strat\u00e9gique Maroc-USA.<\/strong><\/p>\n<p class=\"has-black-color has-text-color\">Intervenant lors d\u2019un point de presse conjoint avec la responsable am\u00e9ricaine, M. Bourita s\u2019est f\u00e9licit\u00e9 de la qualit\u00e9 des relations s\u00e9culaires liant le Maroc et les \u00c9tats-Unis et de la densit\u00e9 des \u00e9changes bilat\u00e9raux multiformes sur les plans \u00e9conomique, politique, strat\u00e9gique, militaire et s\u00e9curitaire.<\/p>\n<p class=\"has-black-color has-text-color\">Le ministre a particuli\u00e8rement salu\u00e9 la position constante des \u00c9tats-Unis au sujet de la marocanit\u00e9 du Sahara et le soutien am\u00e9ricain au plan d\u2019autonomie propos\u00e9 par le Maroc en tant que solution cr\u00e9dible, s\u00e9rieuse et r\u00e9aliste \u00e0 ce conflit r\u00e9gional artificiel.<\/p>\n<p class=\"has-black-color has-text-color\">R\u00e9it\u00e9rant la position de son pays au sujet du Sahara marocain et de l\u2019initiative d\u2019autonomie, Mme Sherman a lou\u00e9 la contribution du Royaume au processus de paix au Proche-Orient et au dialogue inter-libyen.<\/p>\n<p class=\"has-black-color has-text-color\">La responsable am\u00e9ricaine a \u00e9galement relev\u00e9 que les relations liant le Maroc et les \u00c9tats-Unis, consacr\u00e9es par le Trait\u00e9 d\u2019amiti\u00e9 datant de 1787, n\u2019ont cess\u00e9 de s\u2019intensifier au gr\u00e9 des \u00e9changes bilat\u00e9raux et de la convergence des points de vue sur diff\u00e9rentes questions d\u2019ordre r\u00e9gional et international.<\/p>\n<p class=\"has-black-color has-text-color\">A l\u2019occasion de sa visite au Maroc, Mme Sherman a tenu une r\u00e9union avec M. Bourita et a co-pr\u00e9sid\u00e9 avec lui une session du Dialogue Strat\u00e9gique, qui s\u2019inscrit dans le cadre des consultations r\u00e9guli\u00e8res entre le Royaume et les \u00c9tats-Unis d\u2019Am\u00e9rique.<\/p>\n<p class=\"has-black-color has-text-color\">Ladite session, sanctionn\u00e9e par un communiqu\u00e9 conjoint, a \u00e9t\u00e9 l\u2019occasion pour les diplomaties am\u00e9ricaine et marocaine de passer en revue une s\u00e9rie de questions d\u2019int\u00e9r\u00eat commun, dont la coop\u00e9ration s\u00e9curitaire et en mati\u00e8re des droits de l\u2019Homme, et de couvrir des questions d\u2019ordre r\u00e9gional ayant trait au Sahel, \u00e0 la Libye et \u00e0 l\u2019Ukraine.<\/p>\n<p class=\"has-black-color has-text-color\">Dans ce communiqu\u00e9, la diplomatie am\u00e9ricaine a mis en avant le soutien de Washington au plan d\u2019autonomie propos\u00e9 par le Royaume et a salu\u00e9 le r\u00f4le r\u00e9gional du Maroc en mati\u00e8re de coop\u00e9ration s\u00e9curitaire.<\/p>\n<p>L\u2019article <a rel=\"nofollow\" href=\"http:\/\/albayane.press.ma\/m-bourita-sentretient-avec-la-sous-secretaire-detat-americaine.html\">M. Bourita s\u2019entretient avec la Sous-secr\u00e9taire d\u2019\u00c9tat am\u00e9ricaine<\/a> est apparu en premier sur <a rel=\"nofollow\" href=\"http:\/\/albayane.press.ma\/\">ALBAYANE<\/a>.<\/p>\n<\/div>\n<p>Auteur: M&rsquo;hammed rahal<br \/>\n<a href=\"http:\/\/albayane.press.ma\/m-bourita-sentretient-avec-la-sous-secretaire-detat-americaine.html\">Cliquez ici pour lire l&rsquo;article depuis sa source.<\/a><\/p>\n","protected":false},"excerpt":{"rendered":"<p>Dialogue strat\u00e9gique Maroc-USA Le ministre des Affaires \u00e9trang\u00e8res, de la Coop\u00e9ration africaine et des Marocains r\u00e9sidant \u00e0 l\u2019\u00e9tranger, M. Nasser Bourita, a eu, mardi \u00e0 Rabat, des consultations politiques avec la Sous-Secr\u00e9taire d\u2019\u00c9tat am\u00e9ricaine, Wendy Sherman, en visite de travail au Royaume en marge du Dialogue strat\u00e9gique Maroc-USA. Intervenant lors d\u2019un point de presse conjoint [&hellip;]<\/p>\n","protected":false},"author":1760,"featured_media":0,"comment_status":"closed","ping_status":"closed","sticky":false,"template":"","format":"standard","meta":{"fifu_image_url":"","fifu_image_alt":"","footnotes":""},"categories":[73,54],"tags":[],"class_list":["post-142762","post","type-post","status-publish","format-standard","hentry","category-actualite","category-maroc"],"_links":{"self":[{"href":"https:\/\/linitiative.ca\/International\/wp-json\/wp\/v2\/posts\/142762","targetHints":{"allow":["GET"]}}],"collection":[{"href":"https:\/\/linitiative.ca\/International\/wp-json\/wp\/v2\/posts"}],"about":[{"href":"https:\/\/linitiative.ca\/International\/wp-json\/wp\/v2\/types\/post"}],"author":[{"embeddable":true,"href":"https:\/\/linitiative.ca\/International\/wp-json\/wp\/v2\/users\/1760"}],"replies":[{"embeddable":true,"href":"https:\/\/linitiative.ca\/International\/wp-json\/wp\/v2\/comments?post=142762"}],"version-history":[{"count":0,"href":"https:\/\/linitiative.ca\/International\/wp-json\/wp\/v2\/posts\/142762\/revisions"}],"wp:attachment":[{"href":"https:\/\/linitiative.ca\/International\/wp-json\/wp\/v2\/media?parent=142762"}],"wp:term":[{"taxonomy":"category","embeddable":true,"href":"https:\/\/linitiative.ca\/International\/wp-json\/wp\/v2\/categories?post=142762"},{"taxonomy":"post_tag","embeddable":true,"href":"https:\/\/linitiative.ca\/International\/wp-json\/wp\/v2\/tags?post=142762"}],"curies":[{"name":"wp","href":"https:\/\/api.w.org\/{rel}","templated":true}]}}