{"id":142763,"date":"2022-03-09T13:00:00","date_gmt":"2022-03-09T18:00:00","guid":{"rendered":"https:\/\/linitiative.ca\/International\/washington-salue-le-role-regional-du-maroc\/"},"modified":"2022-03-09T13:00:00","modified_gmt":"2022-03-09T18:00:00","slug":"washington-salue-le-role-regional-du-maroc","status":"publish","type":"post","link":"https:\/\/linitiative.ca\/International\/washington-salue-le-role-regional-du-maroc\/","title":{"rendered":"Washington salue le r\u00f4le r\u00e9gional du Maroc"},"content":{"rendered":"<div>\n<p class=\"has-text-align-center has-vivid-red-color has-text-color\"><strong>Coop\u00e9ration s\u00e9curitaire<\/strong><\/p>\n<p class=\"has-black-color has-text-color\"><strong>La sous-secr\u00e9taire d\u2019Etat am\u00e9ricaine, Wendy Sherman, en visite au Maroc, a salu\u00e9, mardi \u00e0 Rabat, le r\u00f4le r\u00e9gional du Royaume en mati\u00e8re de coop\u00e9ration s\u00e9curitaire.<\/strong><\/p>\n<p class=\"has-black-color has-text-color\">La responsable am\u00e9ricaine, qui a eu des consultations politiques avec le ministre des Affaires \u00e9trang\u00e8res, de la Coop\u00e9ration africaine et des Marocains r\u00e9sidant \u00e0 l\u2019\u00e9tranger, Nasser Bourita et a co-pr\u00e9sid\u00e9 avec lui une session du dialogue strat\u00e9gique Maroc-\u00c9tats-Unis sur les questions politiques r\u00e9gionales, a \u201cremerci\u00e9\u201d le Maroc, \u201cun partenaire stable, exportateur de s\u00e9curit\u00e9\u201d pour son leadership en lien avec le Forum mondial de lutte contre le terrorisme et pour son \u201cr\u00f4le de soutien\u201d au sein de la Coalition mondiale pour vaincre le groupe terroriste Etat Islamique (EI).<\/p>\n<p class=\"has-black-color has-text-color\">Mme Sherman a \u00e9voqu\u00e9, dans ce sens, la contribution du Royaume en tant que co-pr\u00e9sident de l\u2019Africa Focus Group, un groupe de r\u00e9flexion visant \u00e0 adopter une approche prospective et strat\u00e9gique face \u00e0 la menace que repr\u00e9sente l\u2019EI, ainsi que l\u2019accueil de la prochaine r\u00e9union minist\u00e9rielle de la Coalition en mai, indique un communiqu\u00e9 conjoint ayant sanctionn\u00e9 cette session de dialogue strat\u00e9gique.<\/p>\n<p class=\"has-black-color has-text-color\">Elle a exprim\u00e9 son appr\u00e9ciation pour le soutien continu du Royaume aux exercices militaires multilat\u00e9raux \u201cAfrican Lion\u201d.<\/p>\n<p class=\"has-black-color has-text-color\">La rencontre entre M. Bourita et Mme Sherman a \u00e9galement constitu\u00e9 une occasion pour r\u00e9it\u00e9rer la volont\u00e9 partag\u00e9e de poursuivre leur forte coop\u00e9ration pour vaincre les groupes terroristes, en l\u2019occurrence Al-Qa\u00efda au Maghreb islamique (AQMI) et l\u2019EI.<\/p>\n<p class=\"has-black-color has-text-color\">A cette occasion, les deux parties ont discut\u00e9 d\u2019une s\u00e9rie de questions r\u00e9gionales, notamment le Sahel, la Libye et l\u2019Ukraine.<\/p>\n<p class=\"has-black-color has-text-color\">\u00c0 cet \u00e9gard, M. Bourita et la responsable am\u00e9ricaine ont r\u00e9affirm\u00e9 l\u2019importance de respecter l\u2019int\u00e9grit\u00e9 territoriale, la souverainet\u00e9 et l\u2019unit\u00e9 nationale de tous les \u00c9tats membres des Nations Unies, indique le communiqu\u00e9.<\/p>\n<p class=\"has-black-color has-text-color\">S\u2019agissant de la question libyenne, la Sous-secr\u00e9taire d\u2019Etat am\u00e9ricaine a salu\u00e9 le r\u00f4le positif du Royaume ainsi que son importante contribution en soutien aux efforts de l\u2019ONU pour faire avancer le processus politique, ainsi que pour l\u2019accueil du dialogue inter-libyen.<\/p>\n<p class=\"has-black-color has-text-color\">Les deux parties ont r\u00e9affirm\u00e9 leur ferme engagement en faveur de la souverainet\u00e9, de l\u2019ind\u00e9pendance, de l\u2019int\u00e9grit\u00e9 territoriale et de l\u2019unit\u00e9 nationale de la Libye, ainsi que la priorit\u00e9 de la tenue d\u2019\u00e9lections nationales dans les plus brefs d\u00e9lais.<\/p>\n<p>L\u2019article <a rel=\"nofollow\" href=\"http:\/\/albayane.press.ma\/washington-salue-le-role-regional-du-maroc.html\">Washington salue le r\u00f4le r\u00e9gional du Maroc<\/a> est apparu en premier sur <a rel=\"nofollow\" href=\"http:\/\/albayane.press.ma\/\">ALBAYANE<\/a>.<\/p>\n<\/div>\n<p>Auteur: M&rsquo;hammed rahal<br \/>\n<a href=\"http:\/\/albayane.press.ma\/washington-salue-le-role-regional-du-maroc.html\">Cliquez ici pour lire l&rsquo;article depuis sa source.<\/a><\/p>\n","protected":false},"excerpt":{"rendered":"<p>Coop\u00e9ration s\u00e9curitaire La sous-secr\u00e9taire d\u2019Etat am\u00e9ricaine, Wendy Sherman, en visite au Maroc, a salu\u00e9, mardi \u00e0 Rabat, le r\u00f4le r\u00e9gional du Royaume en mati\u00e8re de coop\u00e9ration s\u00e9curitaire. La responsable am\u00e9ricaine, qui a eu des consultations politiques avec le ministre des Affaires \u00e9trang\u00e8res, de la Coop\u00e9ration africaine et des Marocains r\u00e9sidant \u00e0 l\u2019\u00e9tranger, Nasser Bourita et [&hellip;]<\/p>\n","protected":false},"author":1760,"featured_media":0,"comment_status":"closed","ping_status":"closed","sticky":false,"template":"","format":"standard","meta":{"fifu_image_url":"","fifu_image_alt":"","footnotes":""},"categories":[73,54],"tags":[],"class_list":["post-142763","post","type-post","status-publish","format-standard","hentry","category-actualite","category-maroc"],"_links":{"self":[{"href":"https:\/\/linitiative.ca\/International\/wp-json\/wp\/v2\/posts\/142763","targetHints":{"allow":["GET"]}}],"collection":[{"href":"https:\/\/linitiative.ca\/International\/wp-json\/wp\/v2\/posts"}],"about":[{"href":"https:\/\/linitiative.ca\/International\/wp-json\/wp\/v2\/types\/post"}],"author":[{"embeddable":true,"href":"https:\/\/linitiative.ca\/International\/wp-json\/wp\/v2\/users\/1760"}],"replies":[{"embeddable":true,"href":"https:\/\/linitiative.ca\/International\/wp-json\/wp\/v2\/comments?post=142763"}],"version-history":[{"count":0,"href":"https:\/\/linitiative.ca\/International\/wp-json\/wp\/v2\/posts\/142763\/revisions"}],"wp:attachment":[{"href":"https:\/\/linitiative.ca\/International\/wp-json\/wp\/v2\/media?parent=142763"}],"wp:term":[{"taxonomy":"category","embeddable":true,"href":"https:\/\/linitiative.ca\/International\/wp-json\/wp\/v2\/categories?post=142763"},{"taxonomy":"post_tag","embeddable":true,"href":"https:\/\/linitiative.ca\/International\/wp-json\/wp\/v2\/tags?post=142763"}],"curies":[{"name":"wp","href":"https:\/\/api.w.org\/{rel}","templated":true}]}}