{"id":142764,"date":"2022-03-09T13:00:00","date_gmt":"2022-03-09T18:00:00","guid":{"rendered":"https:\/\/linitiative.ca\/International\/le-pps-exprime-son-refus-categorique-du-choix-de-la-guerre\/"},"modified":"2022-03-09T13:00:00","modified_gmt":"2022-03-09T18:00:00","slug":"le-pps-exprime-son-refus-categorique-du-choix-de-la-guerre","status":"publish","type":"post","link":"https:\/\/linitiative.ca\/International\/le-pps-exprime-son-refus-categorique-du-choix-de-la-guerre\/","title":{"rendered":"Le PPS exprime son refus cat\u00e9gorique du choix de la guerre"},"content":{"rendered":"<div>\n<p class=\"has-text-align-center has-vivid-red-color has-text-color\"><strong>Conflit entre la Russie et l\u2019Ukraine\u00a0<\/strong><\/p>\n<p class=\"has-text-align-center has-vivid-cyan-blue-color has-text-color\"><strong>Communiqu\u00e9 du bureau politique<\/strong><\/p>\n<p class=\"has-black-color has-text-color\"><strong>Au d\u00e9but des travaux de sa r\u00e9union p\u00e9riodique du mardi 8 mars 2022, le bureau politique du Parti du Progr\u00e8s et du Socialisme a examin\u00e9 le conflit russo-ukrainien et soulign\u00e9 que la situation actuelle est d\u2019une gravit\u00e9 extr\u00eame, non seulement pour cette r\u00e9gion, mais \u00e9galement pour le monde entier, compte tenu des r\u00e9percussions d\u00e9sastreuses de cette guerre sur les plans humain, \u00e9conomique, social et politique ainsi que sur la stabilit\u00e9, la s\u00e9curit\u00e9 et la paix dans le monde, outre les \u00e9volutions destructrices qu\u2019elle est susceptible de provoquer.<\/strong><\/p>\n<p class=\"has-black-color has-text-color\"><strong>Sur cette base, le Parti du Progr\u00e8s et du Socialisme exprime son refus cat\u00e9gorique du choix de la guerre et de la tentative de r\u00e9soudre les d\u00e9saccords derri\u00e8re ce conflit par des moyens militaires. C\u2019est pourquoi, il appelle \u00e0 un cessez le feu imm\u00e9diat dans la r\u00e9gion et \u00e0 faire valoir la logique de la raison et de la sagesse pour la pr\u00e9servation de la paix aux niveaux r\u00e9gional et mondial, \u00e0 travers la mise en \u0153uvre de solutions politiques et le rejet des approches militaires.<\/strong><\/p>\n<p class=\"has-black-color has-text-color\"><strong>Dans ce cadre, le Parti du Progr\u00e8s et du Socialisme fustige les provocations et les menaces graves li\u00e9es aux contradictions et aux convoitises des diff\u00e9rents p\u00f4les capitalistes, que ce soit dans leurs dimensions expansionnistes et h\u00e9g\u00e9monistes, ou dans leurs dimensions nationalistes \u00e9troites. Il fustige \u00e9galement les dissensions d\u00e9vastatrices qui en d\u00e9coulent autour d\u2019influences et d\u2019int\u00e9r\u00eats, avec des desseins de profits et d\u2019h\u00e9g\u00e9monisme, dans l\u2019objectif de mettre en place un ordre mondial o\u00f9 r\u00e8gnent la logique de la force, de la domination du monde et de l\u2019exploitation de l\u2019humanit\u00e9, \u00a0sans aucune consid\u00e9ration pour les int\u00e9r\u00eats des peuples qui paient le prix de ces conflits arm\u00e9s au d\u00e9triment de leur s\u00e9curit\u00e9, de leur stabilit\u00e9, de leurs opportunit\u00e9s de d\u00e9veloppement, de leur qui\u00e9tude et de leur niveau de vie.<\/strong><\/p>\n<p class=\"has-black-color has-text-color\"><strong>C\u2019est pourquoi, le Parti du Progr\u00e8s et du Socialisme r\u00e9affirme la n\u00e9cessit\u00e9 de bannir ces tendances h\u00e9g\u00e9monistes et de rejeter d\u00e9finitivement les tentatives d\u2019imposer un monde o\u00f9 r\u00e8gne un syst\u00e8me unipolaire, en \u0153uvrant de mani\u00e8re active et franche, de la part notamment des grandes puissances, pour la mise en place d\u2019un ordre mondial alternatif fond\u00e9 sur l\u2019\u00e9quilibre, la justice, la solidarit\u00e9 et le respect ferme et entier de l\u2019int\u00e9grit\u00e9 territoriale, de la souverainet\u00e9 nationale et de l\u2019ind\u00e9pendance des Etats.<\/strong><\/p>\n<p class=\"has-black-color has-text-color\"><strong>A ce propos, le Parti du Progr\u00e8s et du Socialisme salue la position marocaine officielle pond\u00e9r\u00e9e et \u00e9quilibr\u00e9e \u00e0 l\u2019\u00e9gard de cette situation d\u00e9licate. Il appr\u00e9cie \u00e9galement les efforts d\u00e9ploy\u00e9s par notre pays pour l\u2019\u00e9vacuation et le rapatriement s\u00e9curis\u00e9s des citoyennes et des citoyens qui se trouvent dans la zone du conflit arm\u00e9, tout en esp\u00e9rant que ces efforts se poursuivent pour les accompagner en vue de d\u00e9passer les impacts n\u00e9gatifs qu\u2019ils pourraient subir \u00e0 l\u2019avenir.<\/strong><\/p>\n<p class=\"has-black-color has-text-color\"><strong>Au niveau national, les conditions objectives et exceptionnelles difficiles n\u2019occultent pas les responsabilit\u00e9s du gouvernement<\/strong><\/p>\n<p class=\"has-black-color has-text-color\"><strong>Au niveau interne de notre pays, caract\u00e9ris\u00e9 par les conditions exceptionnelles et objectives internationales et nationales qui compliquent davantage la situation politique, sociale et \u00e9conomique, le Parti du Progr\u00e8s et du Socialisme r\u00e9affirme que cette situation requiert plus que jamais un gouvernement politique fort, capable d\u2019assumer ses responsabilit\u00e9s et de faire face aux cons\u00e9quences de cette \u00e9volution avec audace, fermet\u00e9 et efficacit\u00e9.<\/strong><\/p>\n<p class=\"has-black-color has-text-color\"><strong>Sur cette base, le bureau politique appelle le gouvernement \u00e0 faire preuve d\u2019imagination en mati\u00e8re de recherche des solutions possibles, \u00e0 rehausser le niveau de sa pr\u00e9sence politique et communicationnelle et \u00e0 faire le n\u00e9cessaire pour le renforcement du front int\u00e9rieur et la pr\u00e9servation de la stabilit\u00e9, afin de faire face \u00e0 la situation difficile et aux d\u00e9fis complexes, dans le but d\u2019\u00e9viter davantage de d\u00e9t\u00e9rioration et toute tension \u00e9ventuelle. C\u2019est pourquoi, il demande au gouvernement de prendre, dans la mesure du possible, les dispositions n\u00e9cessaires, \u00e9conomiquement, socialement et politiquement, pour le traitement positif de la flamb\u00e9e des prix des produits et des services de base, la pr\u00e9servation du pouvoir d\u2019achat des m\u00e9nages marocains et la sauvegarde de la paix sociale, pour \u00e9galement le soutien de l\u2019\u00e9conomie nationale et de ses capacit\u00e9s productives, le sauvetage et la relance des entreprises nationales et la pr\u00e9servation des postes d\u2019emploi et des sources de revenu pour les citoyennes et citoyens, et pour enfin insuffler un nouveau souffle en mati\u00e8re de d\u00e9mocratie et de droits humains dans les diff\u00e9rentes sph\u00e8res de la vie nationale.\u00a0\u00a0\u00a0\u00a0 \u00a0\u00a0<\/strong><\/p>\n<p class=\"has-black-color has-text-color\"><strong>La journ\u00e9e internationale de la femme\u00a0: il est temps de passer \u00e0 une nouvelle g\u00e9n\u00e9ration de droits<\/strong><\/p>\n<p class=\"has-black-color has-text-color\"><strong>A l\u2019occasion de la journ\u00e9e internationale de la femme, le bureau politique a mis en exergue sa profonde \u00a0signification sur le plan de la d\u00e9mocratie et des droits humains et pr\u00e9sent\u00e9 \u00e0 l\u2019ensemble des femmes aux niveaux mondial et national ses v\u0153ux les plus sinc\u00e8res et ses vives salutations. Il a \u00e9galement soulign\u00e9 que la lutte pour la reconnaissance de tous les droits de la femme s\u2019inscrit dans le cadre de la marche pour une soci\u00e9t\u00e9 de libert\u00e9, de d\u00e9mocratie, de d\u00e9veloppement, de progr\u00e8s, de modernit\u00e9 et de justice sociale.<\/strong><\/p>\n<p class=\"has-black-color has-text-color\"><strong>A cette occasion, le Parti du Progr\u00e8s et du Socialisme, qui a toujours fait de la cause de la femme une partie int\u00e9grante essentielle de son orientation d\u00e9mocratique et de son identit\u00e9 progressiste, consid\u00e8re qu\u2019il est temps pour notre pays de passer \u00e0 l\u2019adoption d\u2019une nouvelle g\u00e9n\u00e9ration de droits des femmes dans la perspective de r\u00e9aliser l\u2019objectif de l\u2019\u00e9galit\u00e9 enti\u00e8re entre les femmes et les hommes sur les plans politique, \u00e9conomique, social, culturel et environnemental.<\/strong><\/p>\n<p class=\"has-black-color has-text-color\"><strong>Partant de l\u00e0, le parti demande au gouvernement de prendre des mesures concr\u00e8tes pour entreprendre des r\u00e9formes n\u00e9cessaires et des r\u00e9visions profondes, notamment du code de la famille, du code p\u00e9nal et de toutes les l\u00e9gislations concernant la situation des femmes dans le but de promouvoir leurs droits et de renforcer le principe de l\u2019\u00e9galit\u00e9 et de la parit\u00e9.<\/strong><\/p>\n<p class=\"has-black-color has-text-color\"><strong>La vie interne du parti\u00a0: poursuite de l\u2019ex\u00e9cution du programme g\u00e9n\u00e9ral \u00e9tabli<\/strong><\/p>\n<p class=\"has-black-color has-text-color\"><strong>Au niveau de la vie interne du parti, le bureau politique a pris connaissance des derni\u00e8res dispositions et des pr\u00e9paratifs entrepris par le Forum pour la Parit\u00e9 et l\u2019Egalit\u00e9, organisation parall\u00e8le du parti, pour la tenue de son congr\u00e8s national les 11 et 12 mars courant \u00e0 Bouznika.<\/strong><\/p>\n<p class=\"has-black-color has-text-color\"><strong>Il s\u2019est f\u00e9licit\u00e9 du succ\u00e8s de \u00ab\u00a0la caravane du livre\u00a0\u00bb, organis\u00e9e \u00e0 l\u2019initiative du groupe parlementaire du parti et de l\u2019Association d\u00e9mocratique des \u00e9lus progressistes dans la r\u00e9gion de Souss-Massa, \u00e0 l\u2019invitation de la section d\u2019Agadir et dans la r\u00e9gion de Tanger-T\u00e9touan-Hoceima, \u00e0 l\u2019invitation de la section de T\u00e9touan. Cette initiative se poursuivra dans les autres r\u00e9gions.<\/strong><\/p>\n<p class=\"has-black-color has-text-color\"><strong>Le bureau politique a enregistr\u00e9 aussi le succ\u00e8s de nombreuses rencontres provinciales, organis\u00e9es dans le cadre du d\u00e9bat interne dans la perspective des pr\u00e9paratifs du onzi\u00e8me congr\u00e8s national du parti et arr\u00eat\u00e9 la programmation d\u2019autres rencontres similaires.<\/strong><\/p>\n<p>L\u2019article <a rel=\"nofollow\" href=\"http:\/\/albayane.press.ma\/le-pps-exprime-son-refus-categorique-du-choix-de-la-guerre.html\">Le PPS exprime son refus cat\u00e9gorique du choix de la guerre<\/a> est apparu en premier sur <a rel=\"nofollow\" href=\"http:\/\/albayane.press.ma\/\">ALBAYANE<\/a>.<\/p>\n<\/div>\n<p>Auteur: M&rsquo;hammed rahal<br \/>\n<a href=\"http:\/\/albayane.press.ma\/le-pps-exprime-son-refus-categorique-du-choix-de-la-guerre.html\">Cliquez ici pour lire l&rsquo;article depuis sa source.<\/a><\/p>\n","protected":false},"excerpt":{"rendered":"<p>Conflit entre la Russie et l\u2019Ukraine\u00a0 Communiqu\u00e9 du bureau politique Au d\u00e9but des travaux de sa r\u00e9union p\u00e9riodique du mardi 8 mars 2022, le bureau politique du Parti du Progr\u00e8s et du Socialisme a examin\u00e9 le conflit russo-ukrainien et soulign\u00e9 que la situation actuelle est d\u2019une gravit\u00e9 extr\u00eame, non seulement pour cette r\u00e9gion, mais \u00e9galement [&hellip;]<\/p>\n","protected":false},"author":1760,"featured_media":0,"comment_status":"closed","ping_status":"closed","sticky":false,"template":"","format":"standard","meta":{"fifu_image_url":"","fifu_image_alt":"","footnotes":""},"categories":[73,54],"tags":[],"class_list":["post-142764","post","type-post","status-publish","format-standard","hentry","category-actualite","category-maroc"],"_links":{"self":[{"href":"https:\/\/linitiative.ca\/International\/wp-json\/wp\/v2\/posts\/142764","targetHints":{"allow":["GET"]}}],"collection":[{"href":"https:\/\/linitiative.ca\/International\/wp-json\/wp\/v2\/posts"}],"about":[{"href":"https:\/\/linitiative.ca\/International\/wp-json\/wp\/v2\/types\/post"}],"author":[{"embeddable":true,"href":"https:\/\/linitiative.ca\/International\/wp-json\/wp\/v2\/users\/1760"}],"replies":[{"embeddable":true,"href":"https:\/\/linitiative.ca\/International\/wp-json\/wp\/v2\/comments?post=142764"}],"version-history":[{"count":0,"href":"https:\/\/linitiative.ca\/International\/wp-json\/wp\/v2\/posts\/142764\/revisions"}],"wp:attachment":[{"href":"https:\/\/linitiative.ca\/International\/wp-json\/wp\/v2\/media?parent=142764"}],"wp:term":[{"taxonomy":"category","embeddable":true,"href":"https:\/\/linitiative.ca\/International\/wp-json\/wp\/v2\/categories?post=142764"},{"taxonomy":"post_tag","embeddable":true,"href":"https:\/\/linitiative.ca\/International\/wp-json\/wp\/v2\/tags?post=142764"}],"curies":[{"name":"wp","href":"https:\/\/api.w.org\/{rel}","templated":true}]}}