{"id":142766,"date":"2022-03-09T13:00:00","date_gmt":"2022-03-09T18:00:00","guid":{"rendered":"https:\/\/linitiative.ca\/International\/la-tomate-enfile-des-cornes\/"},"modified":"2022-03-09T13:00:00","modified_gmt":"2022-03-09T18:00:00","slug":"la-tomate-enfile-des-cornes","status":"publish","type":"post","link":"https:\/\/linitiative.ca\/International\/la-tomate-enfile-des-cornes\/","title":{"rendered":"La tomate enfile des cornes !"},"content":{"rendered":"<div>\n<p class=\"has-black-color has-text-color\"><strong>Dans cette tendance haussi\u00e8re des denr\u00e9es alimentaires dont p\u00e2tissent les populations du pays, la tomate \u00e9merge du lot de mani\u00e8re exceptionnelle. Ce fruit-l\u00e9gume ardemment \u00a0pris\u00e9 sur la table des m\u00e9nages marocains, en particulier les plus d\u00e9munis, flambe sur les march\u00e9s internes, \u00e0 horizons de 9 \u00e0 12 dhs le kilo. Cette mont\u00e9e toute particuli\u00e8re dans les produits de grande consommation, hallucine les citoyens et enflamme les commentaires de r\u00e9seaux sociaux, au point de collationner la tomate de \u00ab\u00a0taureau \u00e0 cornes\u00a0\u00bb qui charge ses victimes. D\u2019autant que cette flamb\u00e9e advient \u00e0 la veille du mois du car\u00eame durant lequel les foyers font usage de cet aliment vital pour la pr\u00e9paration de la \u00ab\u00a0Harira\u00a0\u00bb, de mani\u00e8re forte accentu\u00e9e. Aussi bien les souks semainiers que les march\u00e9s des quartiers de proximit\u00e9, le prix exorbitant de la tomate suscite un large sentiment d\u2019angoisse, alors que sa tarification n\u2019exc\u00e9dait nullement, au pire des cas, les 5 dh. D\u2019apr\u00e8s certaines rumeurs qui circulent dans les lieux publics, l\u2019embrasement dispendieux de cet agrume de choix n\u2019est gu\u00e8re \u00e0 terme, puisqu\u2019elle ne fait que d\u00e9buter vers d\u2019autres tournures encore plus alarmantes. En fait, \u00e0 croire des experts de la fili\u00e8re, cette \u00e9l\u00e9vation brutale est due essentiellement au fort export auquel elle est soumise ces tout derniers temps, comparativement \u00e0 d\u2019autres esp\u00e8ces alimentaires. A la cadence de l\u2019\u00e9volution en fl\u00e8che de cette mati\u00e8re cruciale de la vie au quotidien, il n\u2019est pas du tout exclu qu\u2019elle en manque dans les march\u00e9s, \u00e0 quelques jours seulement du Ramadan. En cons\u00e9quence, des professionnels des march\u00e9s de gros de fruits et l\u00e9gumes estiment que le gouvernement se devrait d\u2019intervenir pour r\u00e9guler l\u2019h\u00e9morragie de l\u2019exportation de la tomate \u00e0 l\u2019\u00e9tranger et orienter celle-ci plus sp\u00e9cialement au march\u00e9 interne afin d\u2019\u00e9pargner l\u2019\u00e9corchure abusive des bourses marocaines. Il est bien \u00e9vident que la production des tomates est concentr\u00e9e actuellement \u00e0 Chtouka A\u00eft Baha, suivant les saisons, alors que les march\u00e9s d\u2019Inezgane se chargent de la distribution de plus de 90% des primeurs et agrumes, \u00e0 travers le territoire. Il s\u2019av\u00e8re, en fait que la demande \u00e9trang\u00e8re est pressante, ce qui occasionne un d\u00e9s\u00e9quilibre flagrant dans l\u2019approvisionnement du march\u00e9 interne par rapport \u00e0 l\u2019export. D\u2019autre part, \u00e0 croire la r\u00e9cente sortie de presse du ministre de l\u2019Agriculture, il est question de sp\u00e9culation manifeste de certains interm\u00e9diaires, car il est insens\u00e9 de voir grimper la tomate de 5 dhs du prix initiale, \u00e0 12 dhs sur les \u00e9talages de Rabat, \u00e0 titre d\u2019exemple. Par ailleurs, le minist\u00e8re de l\u2019Int\u00e9rieur vient de rassurer de la suffisance du volume de stock et quantit\u00e9 de productions alimentaires et d\u2019autres produits de premi\u00e8re n\u00e9cessit\u00e9 pour satisfaire la demande interne tant en cet imminent mois sacr\u00e9 que durant les mois qui suivent. L\u2019Ex\u00e9cutif est cens\u00e9 alors s\u2019atteler \u00e0 veiller sur l\u2019\u00e9quilibre escompt\u00e9 des produits et denr\u00e9es, tout en prenant garde du monopole sp\u00e9culatif dont font montre des m\u00e9diateurs illicites et malveillants. \u00a0\u00a0\u00a0\u00a0\u00a0<\/strong><\/p>\n<p>L\u2019article <a rel=\"nofollow\" href=\"http:\/\/albayane.press.ma\/la-tomate-enfile-des-cornes.html\">La tomate enfile des cornes !<\/a> est apparu en premier sur <a rel=\"nofollow\" href=\"http:\/\/albayane.press.ma\/\">ALBAYANE<\/a>.<\/p>\n<\/div>\n<p>Auteur: M&rsquo;hammed rahal<br \/>\n<a href=\"http:\/\/albayane.press.ma\/la-tomate-enfile-des-cornes.html\">Cliquez ici pour lire l&rsquo;article depuis sa source.<\/a><\/p>\n","protected":false},"excerpt":{"rendered":"<p>Dans cette tendance haussi\u00e8re des denr\u00e9es alimentaires dont p\u00e2tissent les populations du pays, la tomate \u00e9merge du lot de mani\u00e8re exceptionnelle. Ce fruit-l\u00e9gume ardemment \u00a0pris\u00e9 sur la table des m\u00e9nages marocains, en particulier les plus d\u00e9munis, flambe sur les march\u00e9s internes, \u00e0 horizons de 9 \u00e0 12 dhs le kilo. Cette mont\u00e9e toute particuli\u00e8re dans [&hellip;]<\/p>\n","protected":false},"author":1760,"featured_media":0,"comment_status":"closed","ping_status":"closed","sticky":false,"template":"","format":"standard","meta":{"fifu_image_url":"","fifu_image_alt":"","footnotes":""},"categories":[73,54],"tags":[],"class_list":["post-142766","post","type-post","status-publish","format-standard","hentry","category-actualite","category-maroc"],"_links":{"self":[{"href":"https:\/\/linitiative.ca\/International\/wp-json\/wp\/v2\/posts\/142766","targetHints":{"allow":["GET"]}}],"collection":[{"href":"https:\/\/linitiative.ca\/International\/wp-json\/wp\/v2\/posts"}],"about":[{"href":"https:\/\/linitiative.ca\/International\/wp-json\/wp\/v2\/types\/post"}],"author":[{"embeddable":true,"href":"https:\/\/linitiative.ca\/International\/wp-json\/wp\/v2\/users\/1760"}],"replies":[{"embeddable":true,"href":"https:\/\/linitiative.ca\/International\/wp-json\/wp\/v2\/comments?post=142766"}],"version-history":[{"count":0,"href":"https:\/\/linitiative.ca\/International\/wp-json\/wp\/v2\/posts\/142766\/revisions"}],"wp:attachment":[{"href":"https:\/\/linitiative.ca\/International\/wp-json\/wp\/v2\/media?parent=142766"}],"wp:term":[{"taxonomy":"category","embeddable":true,"href":"https:\/\/linitiative.ca\/International\/wp-json\/wp\/v2\/categories?post=142766"},{"taxonomy":"post_tag","embeddable":true,"href":"https:\/\/linitiative.ca\/International\/wp-json\/wp\/v2\/tags?post=142766"}],"curies":[{"name":"wp","href":"https:\/\/api.w.org\/{rel}","templated":true}]}}