{"id":142767,"date":"2022-03-10T06:00:00","date_gmt":"2022-03-10T11:00:00","guid":{"rendered":"https:\/\/linitiative.ca\/International\/caravane-medicale-pour-la-wilaya-de-timimoun\/"},"modified":"2022-03-10T06:00:00","modified_gmt":"2022-03-10T11:00:00","slug":"caravane-medicale-pour-la-wilaya-de-timimoun","status":"publish","type":"post","link":"https:\/\/linitiative.ca\/International\/caravane-medicale-pour-la-wilaya-de-timimoun\/","title":{"rendered":"Caravane m\u00e9dicale pour la wilaya de Timimoun"},"content":{"rendered":"<div>Des op\u00e9rations chirurgicales ont \u00e9t\u00e9 effectu\u00e9es au profit de 76 malades de la wilaya de Timimoun pour le traitement de la cataracte, \u00e0 la faveur d\u2019une caravane m\u00e9dicale initi\u00e9e par l\u2019\u00e9tablissement hospitalier Ahmed-Medeghri de Sa\u00efda,<\/div>\n<p>Auteur:<br \/>\n<a href=\"https:\/\/www.liberte-algerie.com\/ouest\/caravane-medicale-pour-la-wilaya-de-timimoun-374599\">Cliquez ici pour lire l&rsquo;article depuis sa source.<\/a><\/p>\n","protected":false},"excerpt":{"rendered":"<p>Des op\u00e9rations chirurgicales ont \u00e9t\u00e9 effectu\u00e9es au profit de 76 malades de la wilaya de Timimoun pour le traitement de la cataracte, \u00e0 la faveur d\u2019une caravane m\u00e9dicale initi\u00e9e par l\u2019\u00e9tablissement hospitalier Ahmed-Medeghri de Sa\u00efda, Auteur: Cliquez ici pour lire l&rsquo;article depuis sa source.<\/p>\n","protected":false},"author":1742,"featured_media":0,"comment_status":"closed","ping_status":"closed","sticky":false,"template":"","format":"standard","meta":{"fifu_image_url":"","fifu_image_alt":"","footnotes":""},"categories":[73,53],"tags":[],"class_list":["post-142767","post","type-post","status-publish","format-standard","hentry","category-actualite","category-algerie"],"_links":{"self":[{"href":"https:\/\/linitiative.ca\/International\/wp-json\/wp\/v2\/posts\/142767","targetHints":{"allow":["GET"]}}],"collection":[{"href":"https:\/\/linitiative.ca\/International\/wp-json\/wp\/v2\/posts"}],"about":[{"href":"https:\/\/linitiative.ca\/International\/wp-json\/wp\/v2\/types\/post"}],"author":[{"embeddable":true,"href":"https:\/\/linitiative.ca\/International\/wp-json\/wp\/v2\/users\/1742"}],"replies":[{"embeddable":true,"href":"https:\/\/linitiative.ca\/International\/wp-json\/wp\/v2\/comments?post=142767"}],"version-history":[{"count":0,"href":"https:\/\/linitiative.ca\/International\/wp-json\/wp\/v2\/posts\/142767\/revisions"}],"wp:attachment":[{"href":"https:\/\/linitiative.ca\/International\/wp-json\/wp\/v2\/media?parent=142767"}],"wp:term":[{"taxonomy":"category","embeddable":true,"href":"https:\/\/linitiative.ca\/International\/wp-json\/wp\/v2\/categories?post=142767"},{"taxonomy":"post_tag","embeddable":true,"href":"https:\/\/linitiative.ca\/International\/wp-json\/wp\/v2\/tags?post=142767"}],"curies":[{"name":"wp","href":"https:\/\/api.w.org\/{rel}","templated":true}]}}