{"id":142768,"date":"2022-03-10T06:00:00","date_gmt":"2022-03-10T11:00:00","guid":{"rendered":"https:\/\/linitiative.ca\/International\/au-tchad-retour-au-bercail-danciens-rebelles\/"},"modified":"2022-03-10T06:00:00","modified_gmt":"2022-03-10T11:00:00","slug":"au-tchad-retour-au-bercail-danciens-rebelles","status":"publish","type":"post","link":"https:\/\/linitiative.ca\/International\/au-tchad-retour-au-bercail-danciens-rebelles\/","title":{"rendered":"Au Tchad, retour au bercail d\u2019anciens rebelles"},"content":{"rendered":"<div>Quand il a pos\u00e9 les pieds au Tchad pour la premi\u00e8re fois depuis 13 ans, Younous Waka\u00ef Djimmy a ressenti \u201cune \u00e9motion particuli\u00e8re\u201d.<\/div>\n<p>Auteur:<br \/>\n<a href=\"https:\/\/www.liberte-algerie.com\/magazine\/au-tchad-retour-au-bercail-danciens-rebelles-374598\">Cliquez ici pour lire l&rsquo;article depuis sa source.<\/a><\/p>\n","protected":false},"excerpt":{"rendered":"<p>Quand il a pos\u00e9 les pieds au Tchad pour la premi\u00e8re fois depuis 13 ans, Younous Waka\u00ef Djimmy a ressenti \u201cune \u00e9motion particuli\u00e8re\u201d. Auteur: Cliquez ici pour lire l&rsquo;article depuis sa source.<\/p>\n","protected":false},"author":1742,"featured_media":0,"comment_status":"closed","ping_status":"closed","sticky":false,"template":"","format":"standard","meta":{"fifu_image_url":"","fifu_image_alt":"","footnotes":""},"categories":[73,53],"tags":[],"class_list":["post-142768","post","type-post","status-publish","format-standard","hentry","category-actualite","category-algerie"],"_links":{"self":[{"href":"https:\/\/linitiative.ca\/International\/wp-json\/wp\/v2\/posts\/142768","targetHints":{"allow":["GET"]}}],"collection":[{"href":"https:\/\/linitiative.ca\/International\/wp-json\/wp\/v2\/posts"}],"about":[{"href":"https:\/\/linitiative.ca\/International\/wp-json\/wp\/v2\/types\/post"}],"author":[{"embeddable":true,"href":"https:\/\/linitiative.ca\/International\/wp-json\/wp\/v2\/users\/1742"}],"replies":[{"embeddable":true,"href":"https:\/\/linitiative.ca\/International\/wp-json\/wp\/v2\/comments?post=142768"}],"version-history":[{"count":0,"href":"https:\/\/linitiative.ca\/International\/wp-json\/wp\/v2\/posts\/142768\/revisions"}],"wp:attachment":[{"href":"https:\/\/linitiative.ca\/International\/wp-json\/wp\/v2\/media?parent=142768"}],"wp:term":[{"taxonomy":"category","embeddable":true,"href":"https:\/\/linitiative.ca\/International\/wp-json\/wp\/v2\/categories?post=142768"},{"taxonomy":"post_tag","embeddable":true,"href":"https:\/\/linitiative.ca\/International\/wp-json\/wp\/v2\/tags?post=142768"}],"curies":[{"name":"wp","href":"https:\/\/api.w.org\/{rel}","templated":true}]}}