{"id":142769,"date":"2022-03-10T06:00:00","date_gmt":"2022-03-10T11:00:00","guid":{"rendered":"https:\/\/linitiative.ca\/International\/a-hong-kong-la-fuite-des-expatries\/"},"modified":"2022-03-10T06:00:00","modified_gmt":"2022-03-10T11:00:00","slug":"a-hong-kong-la-fuite-des-expatries","status":"publish","type":"post","link":"https:\/\/linitiative.ca\/International\/a-hong-kong-la-fuite-des-expatries\/","title":{"rendered":"\u00c0 Hong Kong, la fuite des expatri\u00e9s"},"content":{"rendered":"<div>Des d\u00e9parts \u201cd\u00e9finitifs\u201d, souvent sous le coup de la panique et pay\u00e9s au prix fort : depuis deux semaines, un flot record de r\u00e9sidents quittent Hong Kong, inquiets de la gestion de la crise sanitaire dans une ville en proie au chaos&#8230;<\/div>\n<p>Auteur:<br \/>\n<a href=\"https:\/\/www.liberte-algerie.com\/magazine\/a-hong-kong-la-fuite-des-expatries-374597\">Cliquez ici pour lire l&rsquo;article depuis sa source.<\/a><\/p>\n","protected":false},"excerpt":{"rendered":"<p>Des d\u00e9parts \u201cd\u00e9finitifs\u201d, souvent sous le coup de la panique et pay\u00e9s au prix fort : depuis deux semaines, un flot record de r\u00e9sidents quittent Hong Kong, inquiets de la gestion de la crise sanitaire dans une ville en proie au chaos&#8230; Auteur: Cliquez ici pour lire l&rsquo;article depuis sa source.<\/p>\n","protected":false},"author":1742,"featured_media":0,"comment_status":"closed","ping_status":"closed","sticky":false,"template":"","format":"standard","meta":{"fifu_image_url":"","fifu_image_alt":"","footnotes":""},"categories":[73,53],"tags":[],"class_list":["post-142769","post","type-post","status-publish","format-standard","hentry","category-actualite","category-algerie"],"_links":{"self":[{"href":"https:\/\/linitiative.ca\/International\/wp-json\/wp\/v2\/posts\/142769","targetHints":{"allow":["GET"]}}],"collection":[{"href":"https:\/\/linitiative.ca\/International\/wp-json\/wp\/v2\/posts"}],"about":[{"href":"https:\/\/linitiative.ca\/International\/wp-json\/wp\/v2\/types\/post"}],"author":[{"embeddable":true,"href":"https:\/\/linitiative.ca\/International\/wp-json\/wp\/v2\/users\/1742"}],"replies":[{"embeddable":true,"href":"https:\/\/linitiative.ca\/International\/wp-json\/wp\/v2\/comments?post=142769"}],"version-history":[{"count":0,"href":"https:\/\/linitiative.ca\/International\/wp-json\/wp\/v2\/posts\/142769\/revisions"}],"wp:attachment":[{"href":"https:\/\/linitiative.ca\/International\/wp-json\/wp\/v2\/media?parent=142769"}],"wp:term":[{"taxonomy":"category","embeddable":true,"href":"https:\/\/linitiative.ca\/International\/wp-json\/wp\/v2\/categories?post=142769"},{"taxonomy":"post_tag","embeddable":true,"href":"https:\/\/linitiative.ca\/International\/wp-json\/wp\/v2\/tags?post=142769"}],"curies":[{"name":"wp","href":"https:\/\/api.w.org\/{rel}","templated":true}]}}