{"id":142770,"date":"2022-03-10T07:28:00","date_gmt":"2022-03-10T12:28:00","guid":{"rendered":"https:\/\/linitiative.ca\/International\/propos-xenophobes-envers-belaili-sanction-tres-legere-contre-reims\/"},"modified":"2022-03-10T07:28:00","modified_gmt":"2022-03-10T12:28:00","slug":"propos-xenophobes-envers-belaili-sanction-tres-legere-contre-reims","status":"publish","type":"post","link":"https:\/\/linitiative.ca\/International\/propos-xenophobes-envers-belaili-sanction-tres-legere-contre-reims\/","title":{"rendered":"Propos x\u00e9nophobes envers Belaili: sanction tr\u00e8s l\u00e9g\u00e8re contre Reims"},"content":{"rendered":"<div>Le stade du club de Ligue 1 fran\u00e7aise, Reims, a \u00e9t\u00e9 sanctionn\u00e9 d&rsquo;une fermeture avec sursis, pour un match, d&rsquo;une petite partie de sa tribune, suite aux propos x\u00e9nophobes dont a fait l&rsquo;objet Youcef Belaili<\/div>\n<p>Auteur:<br \/>\n<a href=\"https:\/\/www.liberte-algerie.com\/sports\/propos-xenophobes-envers-belaili-sanction-tres-legere-contre-reims-374660\">Cliquez ici pour lire l&rsquo;article depuis sa source.<\/a><\/p>\n","protected":false},"excerpt":{"rendered":"<p>Le stade du club de Ligue 1 fran\u00e7aise, Reims, a \u00e9t\u00e9 sanctionn\u00e9 d&rsquo;une fermeture avec sursis, pour un match, d&rsquo;une petite partie de sa tribune, suite aux propos x\u00e9nophobes dont a fait l&rsquo;objet Youcef Belaili Auteur: Cliquez ici pour lire l&rsquo;article depuis sa source.<\/p>\n","protected":false},"author":1742,"featured_media":0,"comment_status":"closed","ping_status":"closed","sticky":false,"template":"","format":"standard","meta":{"fifu_image_url":"","fifu_image_alt":"","footnotes":""},"categories":[73,53],"tags":[],"class_list":["post-142770","post","type-post","status-publish","format-standard","hentry","category-actualite","category-algerie"],"_links":{"self":[{"href":"https:\/\/linitiative.ca\/International\/wp-json\/wp\/v2\/posts\/142770","targetHints":{"allow":["GET"]}}],"collection":[{"href":"https:\/\/linitiative.ca\/International\/wp-json\/wp\/v2\/posts"}],"about":[{"href":"https:\/\/linitiative.ca\/International\/wp-json\/wp\/v2\/types\/post"}],"author":[{"embeddable":true,"href":"https:\/\/linitiative.ca\/International\/wp-json\/wp\/v2\/users\/1742"}],"replies":[{"embeddable":true,"href":"https:\/\/linitiative.ca\/International\/wp-json\/wp\/v2\/comments?post=142770"}],"version-history":[{"count":0,"href":"https:\/\/linitiative.ca\/International\/wp-json\/wp\/v2\/posts\/142770\/revisions"}],"wp:attachment":[{"href":"https:\/\/linitiative.ca\/International\/wp-json\/wp\/v2\/media?parent=142770"}],"wp:term":[{"taxonomy":"category","embeddable":true,"href":"https:\/\/linitiative.ca\/International\/wp-json\/wp\/v2\/categories?post=142770"},{"taxonomy":"post_tag","embeddable":true,"href":"https:\/\/linitiative.ca\/International\/wp-json\/wp\/v2\/tags?post=142770"}],"curies":[{"name":"wp","href":"https:\/\/api.w.org\/{rel}","templated":true}]}}