{"id":142771,"date":"2022-03-10T11:00:00","date_gmt":"2022-03-10T16:00:00","guid":{"rendered":"https:\/\/linitiative.ca\/International\/mohamed-al-kacimi-al-hoceini-nomme-recteur-de-djamaa-el-djazair\/"},"modified":"2022-03-10T11:00:00","modified_gmt":"2022-03-10T16:00:00","slug":"mohamed-al-kacimi-al-hoceini-nomme-recteur-de-djamaa-el-djazair","status":"publish","type":"post","link":"https:\/\/linitiative.ca\/International\/mohamed-al-kacimi-al-hoceini-nomme-recteur-de-djamaa-el-djazair\/","title":{"rendered":"Mohamed Al Kacimi Al Hoceini nomm\u00e9 recteur de Djama\u00e2 El-Djaza\u00efr"},"content":{"rendered":"<div>Mohamed Ma\u00e2moun Al Kacimi Al Hoceini a \u00e9t\u00e9 nomm\u00e9, ce jeudi, par le pr\u00e9sident Abdelmadjid Tebboune, en tant que recteur de Djama\u00e2 El-Djaza\u00efr<\/div>\n<p>Auteur:<br \/>\n<a href=\"https:\/\/www.liberte-algerie.com\/actualite\/mohamed-al-kacimi-al-hoceini-nomme-recteur-de-djamaa-el-djazair-374661\">Cliquez ici pour lire l&rsquo;article depuis sa source.<\/a><\/p>\n","protected":false},"excerpt":{"rendered":"<p>Mohamed Ma\u00e2moun Al Kacimi Al Hoceini a \u00e9t\u00e9 nomm\u00e9, ce jeudi, par le pr\u00e9sident Abdelmadjid Tebboune, en tant que recteur de Djama\u00e2 El-Djaza\u00efr Auteur: Cliquez ici pour lire l&rsquo;article depuis sa source.<\/p>\n","protected":false},"author":1742,"featured_media":0,"comment_status":"closed","ping_status":"closed","sticky":false,"template":"","format":"standard","meta":{"fifu_image_url":"","fifu_image_alt":"","footnotes":""},"categories":[73,53],"tags":[],"class_list":["post-142771","post","type-post","status-publish","format-standard","hentry","category-actualite","category-algerie"],"_links":{"self":[{"href":"https:\/\/linitiative.ca\/International\/wp-json\/wp\/v2\/posts\/142771","targetHints":{"allow":["GET"]}}],"collection":[{"href":"https:\/\/linitiative.ca\/International\/wp-json\/wp\/v2\/posts"}],"about":[{"href":"https:\/\/linitiative.ca\/International\/wp-json\/wp\/v2\/types\/post"}],"author":[{"embeddable":true,"href":"https:\/\/linitiative.ca\/International\/wp-json\/wp\/v2\/users\/1742"}],"replies":[{"embeddable":true,"href":"https:\/\/linitiative.ca\/International\/wp-json\/wp\/v2\/comments?post=142771"}],"version-history":[{"count":0,"href":"https:\/\/linitiative.ca\/International\/wp-json\/wp\/v2\/posts\/142771\/revisions"}],"wp:attachment":[{"href":"https:\/\/linitiative.ca\/International\/wp-json\/wp\/v2\/media?parent=142771"}],"wp:term":[{"taxonomy":"category","embeddable":true,"href":"https:\/\/linitiative.ca\/International\/wp-json\/wp\/v2\/categories?post=142771"},{"taxonomy":"post_tag","embeddable":true,"href":"https:\/\/linitiative.ca\/International\/wp-json\/wp\/v2\/tags?post=142771"}],"curies":[{"name":"wp","href":"https:\/\/api.w.org\/{rel}","templated":true}]}}