{"id":142772,"date":"2022-03-10T07:58:45","date_gmt":"2022-03-10T12:58:45","guid":{"rendered":"https:\/\/linitiative.ca\/International\/lancement-de-la-chaire-du-droit-hebraique\/"},"modified":"2022-03-10T07:58:45","modified_gmt":"2022-03-10T12:58:45","slug":"lancement-de-la-chaire-du-droit-hebraique","status":"publish","type":"post","link":"https:\/\/linitiative.ca\/International\/lancement-de-la-chaire-du-droit-hebraique\/","title":{"rendered":"Lancement de la \u00ab\u00a0Chaire du droit h\u00e9bra\u00efque\u00a0\u00bb"},"content":{"rendered":"<div>\n<div style=\"margin-bottom:20px;\"><img loading=\"lazy\" decoding=\"async\" width=\"750\" height=\"430\" src=\"https:\/\/linitiative.ca\/International\/wp-content\/uploads\/sites\/23\/2022\/03\/lancement-chaire.jpg\" class=\"attachment-post-thumbnail size-post-thumbnail wp-post-image\" alt=\"\" srcset=\"https:\/\/linitiative.ca\/International\/wp-content\/uploads\/sites\/23\/2022\/03\/lancement-chaire.jpg 750w, https:\/\/www.mapmarrakech.ma\/map\/uploads\/2022\/03\/lancement-chaire-300x172.jpg 300w\" sizes=\"auto, (max-width: 750px) 100vw, 750px\"><\/div>\n<p>Cette chaire, dont la convention portant cr\u00e9ation a \u00e9t\u00e9 paraph\u00e9e par le pr\u00e9sident de l\u2019Universit\u00e9 Mohammed V de Rabat, Mohammed Rhachi, le pr\u00e9sident fondateur du centre d\u2019\u00e9tudes et de recherche en droit h\u00e9bra\u00efque au Maroc, Abdellah Ouzitane et le pr\u00e9sident ex\u00e9cutif de l\u2019Association\u00a0Essaouira\u00a0Mogador, Tarik Ottmani, vise \u00e0 promouvoir une recherche d\u2019excellence dans le domaine du droit h\u00e9bra\u00efque au Maroc, constituer un lieu d\u2019\u00e9change et de d\u00e9bat autour des relations et du dialogue entre Islam et Juda\u00efsme ainsi qu\u2019un fonds documentaire en relation avec les objectifs susvis\u00e9s, et \u00e0 valoriser l\u2019exp\u00e9rience marocaine des juridictions rabbiniques tant dans leur organisation que dans leur production jurisprudentielle.<\/p>\n<p>Elle a \u00e9galement pour objectifs de contribuer \u00e0 la mise en place de formations en droit h\u00e9bra\u00efque au Maroc, concevoir et mettre en \u0153uvre des programmes de recherche mobilisant des chercheurs (doctorants, post-doctorants) nationaux et \u00e9trangers, internes ou externes \u00e0 la Chaire, organiser des ateliers d\u2019encadrement doctoral, programmer et animer des rencontres scientifiques et d\u2019\u00e9tablir toute coop\u00e9ration institutionnelle en rapport avec ses missions.<\/p>\n<p>Aux termes de cette convention, les parties d\u00e9signent \u00e0 la pr\u00e9sidence d\u2019honneur de la Chaire une personnalit\u00e9 connue pour son engagement en faveur de la paix, de la tol\u00e9rance et du dialogue interreligieux, et un directeur de la Chaire qui veille \u00e0 la coordination de ses instances et au suivi de ses programmes et activit\u00e9s.<\/p>\n<p>Il sera \u00e9galement proc\u00e9d\u00e9 \u00e0 la nomination d\u2019un Conseil de pilotage qui contribue \u00e0 l\u2019orientation strat\u00e9gique de la Chaire, \u00e0 l\u2019\u00e9valuation de son activit\u00e9 g\u00e9n\u00e9rale et \u00e0 son rayonnement, qui est compos\u00e9 de repr\u00e9sentants de l\u2019universit\u00e9 et du Centre ainsi que d\u2019une \u00e9quipe acad\u00e9mique de la Chaire, qui comprend des chercheurs et des experts en mati\u00e8re de droit h\u00e9bra\u00efque et du dialogue interreligieux. Elle sera charg\u00e9e d\u2019\u00e9laborer les programmes de recherche de la Chaire et de coordonner ses activit\u00e9s d\u2019animation scientifique.<\/p>\n<p>Les partenaires de la Chaire sont tout organisme ou institution d\u00e9sirant soutenir ses projets et activit\u00e9s. Ils octroient \u00e0 la Chaire une subvention annuelle d\u00e9di\u00e9e \u00e0 des bourses en faveur de doctorants et de post-doctorants marocains m\u00e9ritants, prennent en charge l\u2019organisation et la participation de chercheurs, de doctorants et de post doctorants \u00e0 des manifestations scientifiques nationales et internationales en lien avec les th\u00e9matiques de la Chaire. Ils prennent \u00e9galement en charge les frais de publication et d\u2019\u00e9dition de travaux de recherche effectu\u00e9s dans le cadre de la Chaire.<\/p>\n<p>La convention entre en vigueur d\u00e8s sa signature par les parties pour une dur\u00e9e de deux ans, renouvelables par tacite reconduction.<\/p>\n<p>The post <a rel=\"nofollow\" href=\"https:\/\/www.mapmarrakech.ma\/fr\/lancement-de-la-chaire-du-droit-hebraique\/\">Lancement de la \u00ab\u00a0Chaire du droit h\u00e9bra\u00efque\u00a0\u00bb<\/a> appeared first on <a rel=\"nofollow\" href=\"https:\/\/www.mapmarrakech.ma\/fr\">MapMarrakech<\/a>.<\/p>\n<\/div>\n<p>Auteur: Mohammed KOURSI<br \/>\n<a href=\"https:\/\/www.mapmarrakech.ma\/fr\/lancement-de-la-chaire-du-droit-hebraique\/\">Cliquez ici pour lire l&rsquo;article depuis sa source.<\/a><\/p>\n","protected":false},"excerpt":{"rendered":"<p>Cette chaire, dont la convention portant cr\u00e9ation a \u00e9t\u00e9 paraph\u00e9e par le pr\u00e9sident de l\u2019Universit\u00e9 Mohammed V de Rabat, Mohammed Rhachi, le pr\u00e9sident fondateur du centre d\u2019\u00e9tudes et de recherche en droit h\u00e9bra\u00efque au Maroc, Abdellah Ouzitane et le pr\u00e9sident ex\u00e9cutif de l\u2019Association\u00a0Essaouira\u00a0Mogador, Tarik Ottmani, vise \u00e0 promouvoir une recherche d\u2019excellence dans le domaine du [&hellip;]<\/p>\n","protected":false},"author":1788,"featured_media":0,"comment_status":"closed","ping_status":"closed","sticky":false,"template":"","format":"standard","meta":{"fifu_image_url":"https:\/\/www.mapmarrakech.ma\/map\/uploads\/2022\/03\/lancement-chaire.jpg","fifu_image_alt":"Lancement de la \u00ab\u00a0Chaire du droit h\u00e9bra\u00efque\u00a0\u00bb","footnotes":""},"categories":[54,76],"tags":[],"class_list":["post-142772","post","type-post","status-publish","format-standard","hentry","category-maroc","category-regions"],"_links":{"self":[{"href":"https:\/\/linitiative.ca\/International\/wp-json\/wp\/v2\/posts\/142772","targetHints":{"allow":["GET"]}}],"collection":[{"href":"https:\/\/linitiative.ca\/International\/wp-json\/wp\/v2\/posts"}],"about":[{"href":"https:\/\/linitiative.ca\/International\/wp-json\/wp\/v2\/types\/post"}],"author":[{"embeddable":true,"href":"https:\/\/linitiative.ca\/International\/wp-json\/wp\/v2\/users\/1788"}],"replies":[{"embeddable":true,"href":"https:\/\/linitiative.ca\/International\/wp-json\/wp\/v2\/comments?post=142772"}],"version-history":[{"count":0,"href":"https:\/\/linitiative.ca\/International\/wp-json\/wp\/v2\/posts\/142772\/revisions"}],"wp:attachment":[{"href":"https:\/\/linitiative.ca\/International\/wp-json\/wp\/v2\/media?parent=142772"}],"wp:term":[{"taxonomy":"category","embeddable":true,"href":"https:\/\/linitiative.ca\/International\/wp-json\/wp\/v2\/categories?post=142772"},{"taxonomy":"post_tag","embeddable":true,"href":"https:\/\/linitiative.ca\/International\/wp-json\/wp\/v2\/tags?post=142772"}],"curies":[{"name":"wp","href":"https:\/\/api.w.org\/{rel}","templated":true}]}}