{"id":142774,"date":"2022-03-10T10:38:23","date_gmt":"2022-03-10T15:38:23","guid":{"rendered":"https:\/\/linitiative.ca\/International\/la-chaire-de-droit-hebraique-une-initiative-historique-et-unique\/"},"modified":"2022-03-10T10:38:23","modified_gmt":"2022-03-10T15:38:23","slug":"la-chaire-de-droit-hebraique-une-initiative-historique-et-unique","status":"publish","type":"post","link":"https:\/\/linitiative.ca\/International\/la-chaire-de-droit-hebraique-une-initiative-historique-et-unique\/","title":{"rendered":"La Chaire de droit h\u00e9bra\u00efque, une initiative historique et unique"},"content":{"rendered":"<div>\n<div style=\"margin-bottom:20px;\"><img loading=\"lazy\" decoding=\"async\" width=\"750\" height=\"430\" src=\"https:\/\/linitiative.ca\/International\/wp-content\/uploads\/sites\/23\/2022\/03\/Chaire-lancement.jpg\" class=\"attachment-post-thumbnail size-post-thumbnail wp-post-image\" alt=\"\" srcset=\"https:\/\/linitiative.ca\/International\/wp-content\/uploads\/sites\/23\/2022\/03\/Chaire-lancement.jpg 750w, https:\/\/www.mapmarrakech.ma\/map\/uploads\/2022\/03\/Chaire-lancement-300x172.jpg 300w\" sizes=\"auto, (max-width: 750px) 100vw, 750px\"><\/div>\n<p>C\u2019est ce qui ressort des d\u00e9clarations des diff\u00e9rents intervenants \u00e0 l\u2019ouverture d\u2019un colloque international de deux jours, organis\u00e9 conjointement sous le th\u00e8me \u00ab\u00a0L\u2019enseignement de nos diversit\u00e9s au c\u0153ur de la modernit\u00e9 de notre soci\u00e9t\u00e9\u00a0\u00bb, par le centre d\u2019\u00e9tudes et de recherche en droit h\u00e9bra\u00efque au Maroc, la Fondation Konrad Adenauer, l\u2019Association\u00a0Essaouira-Mogador, Bayt Dakira et la F\u00e9d\u00e9ration S\u00e9pharade du Canada, \u00e0 l\u2019occasion du lancement de cette chaire du Droit h\u00e9bra\u00efque \u00e0 l\u2019Universit\u00e9 Mohammed V de Rabat.<\/p>\n<p>\u00ab\u00a0C\u2019est une chaire dans tous les sens du terme qui nous r\u00e9unit \u00e0\u00a0Essaouira, nous unit et nous enrichit\u00a0\u00bb, a soulign\u00e9 le pr\u00e9sident du centre d\u2019\u00e9tudes et de recherche en droit h\u00e9bra\u00efque, Abdellah Ouzitane, ajoutant que c\u2019est la premi\u00e8re fois dans l\u2019histoire du Maroc qu\u2019une chaire de Droit h\u00e9bra\u00efque prend ancrage sur le plan institutionnel au sein d\u2019une universit\u00e9 marocaine.<\/p>\n<p>Il s\u2019agit d\u2019\u00a0\u00bbune premi\u00e8re, non pas uniquement pour nous en tant que Marocains, mais c\u2019est aussi un message que nous adressons au monde entier : en terre d\u2019Islam, nous avons cette proximit\u00e9 extraordinaire et cette saga entre Islam et Juda\u00efsme, et toute cette dynamique partie depuis\u00a0Essaouira\u00a0et d\u2019ailleurs, qui nourrit cette identit\u00e9 plurielle\u00a0\u00bb.<\/p>\n<p>Tout en notant que \u00ab\u00a0la culture h\u00e9bra\u00efque a pris \u00e9galement sa place l\u00e9gitime sur les bancs de nos \u00e9coles aux c\u00f4t\u00e9s de l\u2019histoire de la civilisation musulmane\u00a0\u00bb, M. Ouzitane a relev\u00e9 que c\u2019est \u00e0\u00a0Essaouira\u00a0o\u00f9 le droit h\u00e9bra\u00efque au Maroc a investi pour la premi\u00e8re fois de l\u2019histoire du monde musulman, les recherches doctorales.<\/p>\n<p>Pour sa part, le pr\u00e9sident de l\u2019Universit\u00e9 Mohammed V de Rabat, Mohammed Rhachi, a indiqu\u00e9 qu\u2019avec la cr\u00e9ation de cette chaire, une porte vient d\u2019\u00eatre ouverte pour que \u00ab\u00a0nous marquions tous l\u2019histoire de cette ville et, partant, celle du Maroc\u00a0\u00bb.<\/p>\n<p>\u00ab\u00a0Il s\u2019agit d\u2019une Chaire particuli\u00e8re au sein de laquelle nous allons innover\u00a0\u00bb, a-t-il ajout\u00e9, soulignant que \u00ab\u00a0l\u2019Histoire du Maroc ne peut se dissocier de celle de sa communaut\u00e9 juive\u00a0\u00bb.<\/p>\n<p>\u00ab\u00a0Nous sommes tous partants avec\u00a0Essaouira\u00a0et ses esprits constructeurs qui vont passer \u00e9norm\u00e9ment de messages\u00a0\u00bb, a-t-il dit, tout en mettant en relief la particularit\u00e9 de ce colloque eu \u00e9gard \u00e0 la pertinence des messages qu\u2019il v\u00e9hicule et \u00e0 l\u2019intensit\u00e9 des \u00e9changes.<\/p>\n<p>De son c\u00f4t\u00e9, le pr\u00e9sident du comit\u00e9 ex\u00e9cutif de l\u2019Association\u00a0Essaouira\u00a0Mogador, Tarik Ottmani, s\u2019est f\u00e9licit\u00e9 de cette initiative historique, tout en saluant le soutien et l\u2019engagement des diff\u00e9rents partenaires pour le lancement de cette chaire unique qui oeuvrera pour la consolidation de l\u2019identit\u00e9 plurielle du Maroc.<\/p>\n<p>Abondant dans le m\u00eame sens, le repr\u00e9sentant de la Fondation Konrad Adenauer au Maroc, steffen Krueger, a salu\u00e9 l\u2019engagement des partenaires dans cette importante initiative en faveur du dialogue des cultures et des religions ainsi que de la promotion de la pluralit\u00e9 marocaine, ajoutant que ce colloque \u00ab\u00a0nous r\u00e9unit pour c\u00e9l\u00e9brer la tol\u00e9rance religieuse et la pluralit\u00e9 marocaine, et pour contempler la diversit\u00e9 culturelle ainsi que la convivialit\u00e9 qui se d\u00e9gage d\u2019Essaouira, en g\u00e9n\u00e9ral, et de Bayt Dakira, en particulier\u00a0\u00bb.<\/p>\n<p>Quant au pr\u00e9sident de la F\u00e9d\u00e9ration S\u00e9pharade du Canada, Avraham Elarar, il a soulign\u00e9 que \u00ab\u00a0l\u2019\u00e9tude d\u2019un aspect essentiel de la vie de la communaut\u00e9 juive n\u2019est pas monnaie courante, elle est encore moins dans les pays arabo-musulmans\u00a0\u00bb, saluant, dans ce sillage, la cr\u00e9ation et l\u2019action du centre d\u2019\u00e9tudes et de recherche en droit h\u00e9bra\u00efque au Maroc.<\/p>\n<p>Le directeur de cette chaire de Droit h\u00e9bra\u00efque et pr\u00e9sident ex\u00e9cutif du centre d\u2019\u00e9tudes et de recherche en droit h\u00e9bra\u00efque au Maroc, Farid El Bacha, a, pour sa part, exprim\u00e9 sa fiert\u00e9 pour la confiance plac\u00e9e en lui pour diriger cette chaire, tout en se disant \u00e0 la fois conscient de l\u2019importance de cette responsabilit\u00e9 et confiant et rassur\u00e9, notamment avec le soutien du minist\u00e8re de tutelle \u00e0 ce projet, et de la pr\u00e9sidence de l\u2019Universit\u00e9 Mohammed V et des diff\u00e9rents partenaires.<\/p>\n<p>A l\u2019issue de cette s\u00e9ance d\u2019ouverture, il a \u00e9t\u00e9 proc\u00e9d\u00e9 \u00e0 la pr\u00e9sentation d\u2019une co\u00e9dition sur le droit h\u00e9bra\u00efque, intitul\u00e9e \u00ab\u00a0quand le Maroc donne sens \u00e0 sa diversit\u00e9\u00a0\u00bb.<\/p>\n<p>Cette s\u00e9ance a \u00e9t\u00e9 aussi marqu\u00e9e par la pr\u00e9sentation par le club de la tol\u00e9rance et de la coexistence au Lyc\u00e9e Akensous \u00e0\u00a0Essaouira\u00a0de chants et lectures de po\u00e8mes v\u00e9hiculant des messages forts c\u00e9l\u00e9brant ces valeurs universelles ainsi que la diversit\u00e9 culturelle et l\u2019identit\u00e9 plurielle du Royaume.<\/p>\n<p>Au menu de ce colloque de deux jours figurent aussi des interventions ax\u00e9es sur \u00ab\u00a0l\u2019enseignement de la culture juive marocaine\u00a0\u00bb, \u00ab\u00a0les Humanit\u00e9s au c\u0153ur de la chaire de droit h\u00e9bra\u00efque\u00a0\u00bb, \u00ab\u00a0la chaire au prisme du syst\u00e8me juridique h\u00e9bra\u00efque\u00a0\u00bb et \u00ab\u00a0la communaut\u00e9 juive marocaine, une histoire mill\u00e9naire en partage\u00a0\u00bb, outre une table ronde sur \u00ab\u00a0la recherche arch\u00e9ologique des sites culturels juifs au Maroc\u00a0\u00bb.<\/p>\n<p>The post <a rel=\"nofollow\" href=\"https:\/\/www.mapmarrakech.ma\/fr\/la-chaire-de-droit-hebraique-une-initiative-historique-et-unique\/\">La Chaire de droit h\u00e9bra\u00efque, une initiative historique et unique<\/a> appeared first on <a rel=\"nofollow\" href=\"https:\/\/www.mapmarrakech.ma\/fr\">MapMarrakech<\/a>.<\/p>\n<\/div>\n<p>Auteur: Mohammed KOURSI<br \/>\n<a href=\"https:\/\/www.mapmarrakech.ma\/fr\/la-chaire-de-droit-hebraique-une-initiative-historique-et-unique\/\">Cliquez ici pour lire l&rsquo;article depuis sa source.<\/a><\/p>\n","protected":false},"excerpt":{"rendered":"<p>C\u2019est ce qui ressort des d\u00e9clarations des diff\u00e9rents intervenants \u00e0 l\u2019ouverture d\u2019un colloque international de deux jours, organis\u00e9 conjointement sous le th\u00e8me \u00ab\u00a0L\u2019enseignement de nos diversit\u00e9s au c\u0153ur de la modernit\u00e9 de notre soci\u00e9t\u00e9\u00a0\u00bb, par le centre d\u2019\u00e9tudes et de recherche en droit h\u00e9bra\u00efque au Maroc, la Fondation Konrad Adenauer, l\u2019Association\u00a0Essaouira-Mogador, Bayt Dakira et la [&hellip;]<\/p>\n","protected":false},"author":1788,"featured_media":0,"comment_status":"closed","ping_status":"closed","sticky":false,"template":"","format":"standard","meta":{"fifu_image_url":"https:\/\/www.mapmarrakech.ma\/map\/uploads\/2022\/03\/Chaire-lancement.jpg","fifu_image_alt":"La Chaire de droit h\u00e9bra\u00efque, une initiative historique et unique","footnotes":""},"categories":[54,76],"tags":[],"class_list":["post-142774","post","type-post","status-publish","format-standard","hentry","category-maroc","category-regions"],"_links":{"self":[{"href":"https:\/\/linitiative.ca\/International\/wp-json\/wp\/v2\/posts\/142774","targetHints":{"allow":["GET"]}}],"collection":[{"href":"https:\/\/linitiative.ca\/International\/wp-json\/wp\/v2\/posts"}],"about":[{"href":"https:\/\/linitiative.ca\/International\/wp-json\/wp\/v2\/types\/post"}],"author":[{"embeddable":true,"href":"https:\/\/linitiative.ca\/International\/wp-json\/wp\/v2\/users\/1788"}],"replies":[{"embeddable":true,"href":"https:\/\/linitiative.ca\/International\/wp-json\/wp\/v2\/comments?post=142774"}],"version-history":[{"count":0,"href":"https:\/\/linitiative.ca\/International\/wp-json\/wp\/v2\/posts\/142774\/revisions"}],"wp:attachment":[{"href":"https:\/\/linitiative.ca\/International\/wp-json\/wp\/v2\/media?parent=142774"}],"wp:term":[{"taxonomy":"category","embeddable":true,"href":"https:\/\/linitiative.ca\/International\/wp-json\/wp\/v2\/categories?post=142774"},{"taxonomy":"post_tag","embeddable":true,"href":"https:\/\/linitiative.ca\/International\/wp-json\/wp\/v2\/tags?post=142774"}],"curies":[{"name":"wp","href":"https:\/\/api.w.org\/{rel}","templated":true}]}}