{"id":142776,"date":"2022-03-10T10:41:14","date_gmt":"2022-03-10T15:41:14","guid":{"rendered":"https:\/\/linitiative.ca\/International\/le-ministere-se-rejouit-daccompagner-la-chaire-de-droit-hebraique\/"},"modified":"2022-03-10T10:41:14","modified_gmt":"2022-03-10T15:41:14","slug":"le-ministere-se-rejouit-daccompagner-la-chaire-de-droit-hebraique","status":"publish","type":"post","link":"https:\/\/linitiative.ca\/International\/le-ministere-se-rejouit-daccompagner-la-chaire-de-droit-hebraique\/","title":{"rendered":"Le minist\u00e8re se r\u00e9jouit d\u2019accompagner la Chaire de droit h\u00e9bra\u00efque"},"content":{"rendered":"<div>\n<div style=\"margin-bottom:20px;\"><img loading=\"lazy\" decoding=\"async\" width=\"750\" height=\"430\" src=\"https:\/\/linitiative.ca\/International\/wp-content\/uploads\/sites\/23\/2022\/03\/Miraoui.jpg\" class=\"attachment-post-thumbnail size-post-thumbnail wp-post-image\" alt=\"\" srcset=\"https:\/\/linitiative.ca\/International\/wp-content\/uploads\/sites\/23\/2022\/03\/Miraoui.jpg 750w, https:\/\/www.mapmarrakech.ma\/map\/uploads\/2022\/03\/Miraoui-300x172.jpg 300w\" sizes=\"auto, (max-width: 750px) 100vw, 750px\"><\/div>\n<p>Dans une allocution lue en son nom, par le secr\u00e9taire g\u00e9n\u00e9ral du minist\u00e8re, Mohamed Khalfaoui, \u00e0 l\u2019ouverture d\u2019un colloque international sous le th\u00e8me \u00ab\u00a0L\u2019enseignement de nos diversit\u00e9s au c\u0153ur de la modernit\u00e9 de notre soci\u00e9t\u00e9\u00a0\u00bb, M. Miraoui s\u2019est dit convaincu que \u00ab\u00a0nous pourrons ensemble parvenir \u00e0 y contribuer efficacement afin de faire de cette Chaire une instance scientifique de r\u00e9f\u00e9rence en mati\u00e8re de droit h\u00e9bra\u00efque et de mettre en relief son r\u00f4le comme composante fondamentale du droit marocain\u00a0\u00bb.<\/p>\n<p>Le ministre s\u2019est, d\u2019autre part, f\u00e9licit\u00e9 de l\u2019organisation de cet \u00e9v\u00e9nement scientifique remarquable, tout en mettant en avant les sp\u00e9cificit\u00e9s du Royaume en tant qu\u2019Etat mill\u00e9naire et terre de brassage des civilisations.<\/p>\n<p>Il a mis en relief cette identit\u00e9 plurielle, consacr\u00e9e par la Constitution, qui reconna\u00eet la diversit\u00e9 des affluents culturels, y compris h\u00e9bra\u00efque, comme composante indissociable de cette identit\u00e9 riche et diversifi\u00e9e.<\/p>\n<p>Aujourd\u2019hui le Maroc, conform\u00e9ment aux Hautes Orientations de Sa Majest\u00e9 le Roi Mohammed VI, joue un r\u00f4le important en tant qu\u2019acteur agissant dans le dialogue inter-civilisationnel et pont entre l\u2019Occident et l\u2019Orient, tout en oeuvrant inlassablement \u00e0 \u00e9riger le dialogue, la tol\u00e9rance et le respect de la diff\u00e9rence au rang des valeurs cl\u00e9s pour faire r\u00e9gner un climat de paix et de stabilit\u00e9 aux niveaux national, r\u00e9gional et international, a-t-il soulign\u00e9.<\/p>\n<p>C\u2019est sur ces valeurs, a encha\u00een\u00e9 le ministre, que le Nouveau Mod\u00e8le de D\u00e9veloppement (NMD) s\u2019est attel\u00e9 en profondeur pour concevoir la base de la nouvelle ambition de d\u00e9veloppement du Maroc \u00e0 l\u2019horizon 2035.<\/p>\n<p>Ce colloque international de deux jours est organis\u00e9 conjointement par le centre d\u2019\u00e9tudes et de recherches en droit h\u00e9bra\u00efque au Maroc, la Fondation Konrad Adenauer, l\u2019Association\u00a0Essaouira-Mogador, Bayt Dakira et la f\u00e9d\u00e9ration S\u00e9pharade du Canada \u00e0 l\u2019occasion du lancement de cette Chaire de Droit h\u00e9bra\u00efque de l\u2019Universit\u00e9 Mohammed V de Rabat.<\/p>\n<p>The post <a rel=\"nofollow\" href=\"https:\/\/www.mapmarrakech.ma\/fr\/le-ministere-se-rejouit-daccompagner-la-chaire-de-droit-hebraique\/\">Le minist\u00e8re se r\u00e9jouit d\u2019accompagner la Chaire de droit h\u00e9bra\u00efque<\/a> appeared first on <a rel=\"nofollow\" href=\"https:\/\/www.mapmarrakech.ma\/fr\">MapMarrakech<\/a>.<\/p>\n<\/div>\n<p>Auteur: Mohammed KOURSI<br \/>\n<a href=\"https:\/\/www.mapmarrakech.ma\/fr\/le-ministere-se-rejouit-daccompagner-la-chaire-de-droit-hebraique\/\">Cliquez ici pour lire l&rsquo;article depuis sa source.<\/a><\/p>\n","protected":false},"excerpt":{"rendered":"<p>Dans une allocution lue en son nom, par le secr\u00e9taire g\u00e9n\u00e9ral du minist\u00e8re, Mohamed Khalfaoui, \u00e0 l\u2019ouverture d\u2019un colloque international sous le th\u00e8me \u00ab\u00a0L\u2019enseignement de nos diversit\u00e9s au c\u0153ur de la modernit\u00e9 de notre soci\u00e9t\u00e9\u00a0\u00bb, M. Miraoui s\u2019est dit convaincu que \u00ab\u00a0nous pourrons ensemble parvenir \u00e0 y contribuer efficacement afin de faire de cette Chaire [&hellip;]<\/p>\n","protected":false},"author":1788,"featured_media":0,"comment_status":"closed","ping_status":"closed","sticky":false,"template":"","format":"standard","meta":{"fifu_image_url":"https:\/\/www.mapmarrakech.ma\/map\/uploads\/2022\/03\/Miraoui.jpg","fifu_image_alt":"Le minist\u00e8re se r\u00e9jouit d\u2019accompagner la Chaire de droit h\u00e9bra\u00efque","footnotes":""},"categories":[54,76],"tags":[],"class_list":["post-142776","post","type-post","status-publish","format-standard","hentry","category-maroc","category-regions"],"_links":{"self":[{"href":"https:\/\/linitiative.ca\/International\/wp-json\/wp\/v2\/posts\/142776","targetHints":{"allow":["GET"]}}],"collection":[{"href":"https:\/\/linitiative.ca\/International\/wp-json\/wp\/v2\/posts"}],"about":[{"href":"https:\/\/linitiative.ca\/International\/wp-json\/wp\/v2\/types\/post"}],"author":[{"embeddable":true,"href":"https:\/\/linitiative.ca\/International\/wp-json\/wp\/v2\/users\/1788"}],"replies":[{"embeddable":true,"href":"https:\/\/linitiative.ca\/International\/wp-json\/wp\/v2\/comments?post=142776"}],"version-history":[{"count":0,"href":"https:\/\/linitiative.ca\/International\/wp-json\/wp\/v2\/posts\/142776\/revisions"}],"wp:attachment":[{"href":"https:\/\/linitiative.ca\/International\/wp-json\/wp\/v2\/media?parent=142776"}],"wp:term":[{"taxonomy":"category","embeddable":true,"href":"https:\/\/linitiative.ca\/International\/wp-json\/wp\/v2\/categories?post=142776"},{"taxonomy":"post_tag","embeddable":true,"href":"https:\/\/linitiative.ca\/International\/wp-json\/wp\/v2\/tags?post=142776"}],"curies":[{"name":"wp","href":"https:\/\/api.w.org\/{rel}","templated":true}]}}