{"id":142780,"date":"2022-03-10T12:47:44","date_gmt":"2022-03-10T17:47:44","guid":{"rendered":"https:\/\/linitiative.ca\/International\/coupe-du-trone-16emes-de-finale-le-programme\/"},"modified":"2022-03-10T12:47:44","modified_gmt":"2022-03-10T17:47:44","slug":"coupe-du-trone-16emes-de-finale-le-programme","status":"publish","type":"post","link":"https:\/\/linitiative.ca\/International\/coupe-du-trone-16emes-de-finale-le-programme\/","title":{"rendered":"Coupe du tr\u00f4ne (16\u00e8mes de finale): Le programme"},"content":{"rendered":"<div>\n<div style=\"margin-bottom:20px;\"><img loading=\"lazy\" decoding=\"async\" width=\"750\" height=\"430\" src=\"https:\/\/linitiative.ca\/International\/wp-content\/uploads\/sites\/23\/2022\/03\/Ballon-football-joueurs-750C397430-MAP.jpg\" class=\"attachment-post-thumbnail size-post-thumbnail wp-post-image\" alt=\"\" srcset=\"https:\/\/linitiative.ca\/International\/wp-content\/uploads\/sites\/23\/2022\/03\/Ballon-football-joueurs-750C397430-MAP.jpg 750w, https:\/\/www.mapoujda.ma\/map\/uploads\/2021\/05\/Ballon-football-joueurs-750\u00d7430-MAP-300x172.jpg 300w\" sizes=\"auto, (max-width: 750px) 100vw, 750px\"><\/div>\n<p style=\"text-align: justify;\">Ci-apr\u00e8s le programme des 16\u00e8mes de finale de la Coupe du Tr\u00f4ne de football<\/p>\n<p style=\"text-align: justify;\">\n<p style=\"text-align: justify;\"><strong>Vendredi 11 mars\u00a0:<\/strong><\/p>\n<p style=\"text-align: justify;\">(20h30) FUS Rabat \u2013 Wydad F\u00e8s<\/p>\n<p style=\"text-align: justify;\">\n<p style=\"text-align: justify;\"><strong>Samedi 12 mars\u00a0:<\/strong><\/p>\n<p style=\"text-align: justify;\">(15h00) Union T\u00e9mara \u2013 Union Touarga<\/p>\n<p style=\"text-align: justify;\">\u00a0\u00a0\u00a0\u00a0\u00a0\u00a0\u00a0\u00a0\u00a0\u00a0\u00a0\u00a0\u00a0 Tihad Sidi Kacem \u2013 Chabab Mohammedia<\/p>\n<p style=\"text-align: justify;\">\u00a0\u00a0\u00a0\u00a0\u00a0 \u00a0\u00a0\u00a0\u00a0\u00a0\u00a0\u00a0\u00a0Ittihad Khemisset \u2013 Chabab Atlas Kh\u00e9nifra<\/p>\n<p style=\"text-align: justify;\">\u00a0\u00a0\u00a0\u00a0\u00a0\u00a0\u00a0\u00a0\u00a0\u00a0\u00a0\u00a0\u00a0 Association Mansouria \u2013 Moghreb T\u00e9touan<\/p>\n<p style=\"text-align: justify;\">\u00a0\u00a0\u00a0\u00a0\u00a0\u00a0\u00a0\u00a0\u00a0\u00a0\u00a0\u00a0\u00a0 Youssoufia Berrechid \u2013 Kawkab Marrakech<\/p>\n<p style=\"text-align: justify;\">\u00a0\u00a0\u00a0\u00a0\u00a0\u00a0\u00a0\u00a0\u00a0\u00a0\u00a0\u00a0\u00a0 Olympic Safi \u2013 Union Amal Tiznit<\/p>\n<p style=\"text-align: justify;\">(18h00) Renaissance Zemamra \u2013 Hassania Agadir<\/p>\n<p style=\"text-align: justify;\">(20h30) Rapide Oued Zem \u2013 Difaa El Jadida<\/p>\n<p style=\"text-align: justify;\">\n<p style=\"text-align: justify;\"><strong>Dimanche 13 mars\u00a0:<\/strong><\/p>\n<p style=\"text-align: justify;\">(15h00) AS FAR \u2013 Maghreb F\u00e8s<\/p>\n<p style=\"text-align: justify;\">\u00a0\u00a0\u00a0\u00a0\u00a0\u00a0\u00a0\u00a0\u00a0\u00a0\u00a0\u00a0 Jeunesse El Massira \u2013 Raja B\u00e9ni Mellal<\/p>\n<p style=\"text-align: justify;\">(18h15) Ittihad Tanger \u2013 Fath Casablanca<\/p>\n<p style=\"text-align: justify;\">(20h00) Jeunesse Salmi \u2013 Tihad Casablanca<\/p>\n<p style=\"text-align: justify;\">\n<p style=\"text-align: justify;\"><strong>A d\u00e9terminer\u00a0:<\/strong><\/p>\n<p style=\"text-align: justify;\">Renaissance Berkane \u2013 Mouloudia Oujda<\/p>\n<p style=\"text-align: justify;\">Chabab Kasbah Tadla \u2013 Raja Casablanca<\/p>\n<p style=\"text-align: justify;\">Ittifak Marrakech \u2013 Wydad Casablanca.<\/p>\n<p>L\u2019article <a rel=\"nofollow\" href=\"https:\/\/www.mapoujda.ma\/fr\/coupe-du-trone-16emes-de-finale-le-programme\/\">Coupe du tr\u00f4ne (16\u00e8mes de finale): Le programme<\/a> est apparu en premier sur <a rel=\"nofollow\" href=\"https:\/\/www.mapoujda.ma\/fr\">MapOujda<\/a>.<\/p>\n<\/div>\n<p>Auteur: Soufiane ELAHMAR<br \/>\n<a href=\"https:\/\/www.mapoujda.ma\/fr\/coupe-du-trone-16emes-de-finale-le-programme\/\">Cliquez ici pour lire l&rsquo;article depuis sa source.<\/a><\/p>\n","protected":false},"excerpt":{"rendered":"<p>Ci-apr\u00e8s le programme des 16\u00e8mes de finale de la Coupe du Tr\u00f4ne de football Vendredi 11 mars\u00a0: (20h30) FUS Rabat \u2013 Wydad F\u00e8s Samedi 12 mars\u00a0: (15h00) Union T\u00e9mara \u2013 Union Touarga \u00a0\u00a0\u00a0\u00a0\u00a0\u00a0\u00a0\u00a0\u00a0\u00a0\u00a0\u00a0\u00a0 Tihad Sidi Kacem \u2013 Chabab Mohammedia \u00a0\u00a0\u00a0\u00a0\u00a0 \u00a0\u00a0\u00a0\u00a0\u00a0\u00a0\u00a0\u00a0Ittihad Khemisset \u2013 Chabab Atlas Kh\u00e9nifra \u00a0\u00a0\u00a0\u00a0\u00a0\u00a0\u00a0\u00a0\u00a0\u00a0\u00a0\u00a0\u00a0 Association Mansouria \u2013 Moghreb T\u00e9touan \u00a0\u00a0\u00a0\u00a0\u00a0\u00a0\u00a0\u00a0\u00a0\u00a0\u00a0\u00a0\u00a0 Youssoufia Berrechid [&hellip;]<\/p>\n","protected":false},"author":1788,"featured_media":0,"comment_status":"closed","ping_status":"closed","sticky":false,"template":"","format":"standard","meta":{"fifu_image_url":"https:\/\/www.mapoujda.ma\/map\/uploads\/2021\/05\/Ballon-football-joueurs-750\u00d7430-MAP.jpg","fifu_image_alt":"Coupe du tr\u00f4ne (16\u00e8mes de finale): Le programme","footnotes":""},"categories":[54,76],"tags":[],"class_list":["post-142780","post","type-post","status-publish","format-standard","hentry","category-maroc","category-regions"],"_links":{"self":[{"href":"https:\/\/linitiative.ca\/International\/wp-json\/wp\/v2\/posts\/142780","targetHints":{"allow":["GET"]}}],"collection":[{"href":"https:\/\/linitiative.ca\/International\/wp-json\/wp\/v2\/posts"}],"about":[{"href":"https:\/\/linitiative.ca\/International\/wp-json\/wp\/v2\/types\/post"}],"author":[{"embeddable":true,"href":"https:\/\/linitiative.ca\/International\/wp-json\/wp\/v2\/users\/1788"}],"replies":[{"embeddable":true,"href":"https:\/\/linitiative.ca\/International\/wp-json\/wp\/v2\/comments?post=142780"}],"version-history":[{"count":0,"href":"https:\/\/linitiative.ca\/International\/wp-json\/wp\/v2\/posts\/142780\/revisions"}],"wp:attachment":[{"href":"https:\/\/linitiative.ca\/International\/wp-json\/wp\/v2\/media?parent=142780"}],"wp:term":[{"taxonomy":"category","embeddable":true,"href":"https:\/\/linitiative.ca\/International\/wp-json\/wp\/v2\/categories?post=142780"},{"taxonomy":"post_tag","embeddable":true,"href":"https:\/\/linitiative.ca\/International\/wp-json\/wp\/v2\/tags?post=142780"}],"curies":[{"name":"wp","href":"https:\/\/api.w.org\/{rel}","templated":true}]}}