{"id":142784,"date":"2022-03-10T10:39:22","date_gmt":"2022-03-10T15:39:22","guid":{"rendered":"https:\/\/linitiative.ca\/International\/reunion-avec-les-professionnels-du-transport\/"},"modified":"2022-03-10T10:39:22","modified_gmt":"2022-03-10T15:39:22","slug":"reunion-avec-les-professionnels-du-transport","status":"publish","type":"post","link":"https:\/\/linitiative.ca\/International\/reunion-avec-les-professionnels-du-transport\/","title":{"rendered":"R\u00e9union avec les professionnels du transport"},"content":{"rendered":"<div>\n<div class=\"field field-name-body field-type-text-with-summary field-label-hidden\">\n<div class=\"field-items\">\n<div class=\"field-item even\" property=\"content:encoded\">\n<p class=\"rtejustify\">Le Chef du gouvernement Aziz Akhannouch a appel\u00e9 certains ministres \u00e0 programmer, la semaine prochaine, une r\u00e9union avec les professionnels du transport. Et ce dans une conjoncture internationale marqu\u00e9e par les fluctuations des prix des carburants. Certains professionnels du secteur du transport avaient appel\u00e9 \u00e0 observer une gr\u00e8ve \u00e0 partir du lundi 07 mars.<\/p>\n<\/div>\n<\/div>\n<\/div>\n<\/div>\n<p>Auteur: hgueye<br \/>\n<a href=\"https:\/\/www.leconomiste.com\/flash-infos\/reunion-avec-les-professionnels-du-transport\">Cliquez ici pour lire l&rsquo;article depuis sa source.<\/a><\/p>\n","protected":false},"excerpt":{"rendered":"<p>Le Chef du gouvernement Aziz Akhannouch a appel\u00e9 certains ministres \u00e0 programmer, la semaine prochaine, une r\u00e9union avec les professionnels du transport. Et ce dans une conjoncture internationale marqu\u00e9e par les fluctuations des prix des carburants. Certains professionnels du secteur du transport avaient appel\u00e9 \u00e0 observer une gr\u00e8ve \u00e0 partir du lundi 07 mars. Auteur: [&hellip;]<\/p>\n","protected":false},"author":1763,"featured_media":0,"comment_status":"closed","ping_status":"closed","sticky":false,"template":"","format":"standard","meta":{"fifu_image_url":"","fifu_image_alt":"","footnotes":""},"categories":[78,54],"tags":[],"class_list":["post-142784","post","type-post","status-publish","format-standard","hentry","category-economie","category-maroc"],"_links":{"self":[{"href":"https:\/\/linitiative.ca\/International\/wp-json\/wp\/v2\/posts\/142784","targetHints":{"allow":["GET"]}}],"collection":[{"href":"https:\/\/linitiative.ca\/International\/wp-json\/wp\/v2\/posts"}],"about":[{"href":"https:\/\/linitiative.ca\/International\/wp-json\/wp\/v2\/types\/post"}],"author":[{"embeddable":true,"href":"https:\/\/linitiative.ca\/International\/wp-json\/wp\/v2\/users\/1763"}],"replies":[{"embeddable":true,"href":"https:\/\/linitiative.ca\/International\/wp-json\/wp\/v2\/comments?post=142784"}],"version-history":[{"count":0,"href":"https:\/\/linitiative.ca\/International\/wp-json\/wp\/v2\/posts\/142784\/revisions"}],"wp:attachment":[{"href":"https:\/\/linitiative.ca\/International\/wp-json\/wp\/v2\/media?parent=142784"}],"wp:term":[{"taxonomy":"category","embeddable":true,"href":"https:\/\/linitiative.ca\/International\/wp-json\/wp\/v2\/categories?post=142784"},{"taxonomy":"post_tag","embeddable":true,"href":"https:\/\/linitiative.ca\/International\/wp-json\/wp\/v2\/tags?post=142784"}],"curies":[{"name":"wp","href":"https:\/\/api.w.org\/{rel}","templated":true}]}}