{"id":142785,"date":"2022-03-10T11:08:35","date_gmt":"2022-03-10T16:08:35","guid":{"rendered":"https:\/\/linitiative.ca\/International\/domaine-public-le-conseil-de-gouvernement-adopte-le-projet-de-decret\/"},"modified":"2022-03-10T11:08:35","modified_gmt":"2022-03-10T16:08:35","slug":"domaine-public-le-conseil-de-gouvernement-adopte-le-projet-de-decret","status":"publish","type":"post","link":"https:\/\/linitiative.ca\/International\/domaine-public-le-conseil-de-gouvernement-adopte-le-projet-de-decret\/","title":{"rendered":"Domaine public: le Conseil de gouvernement adopte le projet de d\u00e9cret"},"content":{"rendered":"<div>\n<div class=\"field field-name-body field-type-text-with-summary field-label-hidden\">\n<div class=\"field-items\">\n<div class=\"field-item even\" property=\"content:encoded\">\n<p class=\"rtejustify\">Le Conseil de gouvernement a adopt\u00e9, jeudi, le projet de d\u00e9cret n\u00b0 2.22.150 relatif \u00e0 la d\u00e9limitation du domaine public. Ce vient ainsi r\u00e9pondre la n\u00e9cessit\u00e9 de prot\u00e9ger le domaine public de l\u2019\u00c9tat en fixant les bases juridiques que l\u2019administration se doit de respecter lors de la mise en application de la proc\u00e9dure de d\u00e9limitation. Celle-ci est consid\u00e9r\u00e9e comme une op\u00e9ration administrative \u00e0 travers laquelle l\u2019administration parvient \u00e0 d\u00e9limiter les fronti\u00e8res g\u00e9ographiques dudit domaine.<\/p>\n<\/div>\n<\/div>\n<\/div>\n<\/div>\n<p>Auteur: hgueye<br \/>\n<a href=\"https:\/\/www.leconomiste.com\/flash-infos\/domaine-public-le-conseil-de-gouvernement-adopte-le-projet-de-decret\">Cliquez ici pour lire l&rsquo;article depuis sa source.<\/a><\/p>\n","protected":false},"excerpt":{"rendered":"<p>Le Conseil de gouvernement a adopt\u00e9, jeudi, le projet de d\u00e9cret n\u00b0 2.22.150 relatif \u00e0 la d\u00e9limitation du domaine public. Ce vient ainsi r\u00e9pondre la n\u00e9cessit\u00e9 de prot\u00e9ger le domaine public de l\u2019\u00c9tat en fixant les bases juridiques que l\u2019administration se doit de respecter lors de la mise en application de la proc\u00e9dure de d\u00e9limitation. [&hellip;]<\/p>\n","protected":false},"author":1763,"featured_media":0,"comment_status":"closed","ping_status":"closed","sticky":false,"template":"","format":"standard","meta":{"fifu_image_url":"","fifu_image_alt":"","footnotes":""},"categories":[78,54],"tags":[],"class_list":["post-142785","post","type-post","status-publish","format-standard","hentry","category-economie","category-maroc"],"_links":{"self":[{"href":"https:\/\/linitiative.ca\/International\/wp-json\/wp\/v2\/posts\/142785","targetHints":{"allow":["GET"]}}],"collection":[{"href":"https:\/\/linitiative.ca\/International\/wp-json\/wp\/v2\/posts"}],"about":[{"href":"https:\/\/linitiative.ca\/International\/wp-json\/wp\/v2\/types\/post"}],"author":[{"embeddable":true,"href":"https:\/\/linitiative.ca\/International\/wp-json\/wp\/v2\/users\/1763"}],"replies":[{"embeddable":true,"href":"https:\/\/linitiative.ca\/International\/wp-json\/wp\/v2\/comments?post=142785"}],"version-history":[{"count":0,"href":"https:\/\/linitiative.ca\/International\/wp-json\/wp\/v2\/posts\/142785\/revisions"}],"wp:attachment":[{"href":"https:\/\/linitiative.ca\/International\/wp-json\/wp\/v2\/media?parent=142785"}],"wp:term":[{"taxonomy":"category","embeddable":true,"href":"https:\/\/linitiative.ca\/International\/wp-json\/wp\/v2\/categories?post=142785"},{"taxonomy":"post_tag","embeddable":true,"href":"https:\/\/linitiative.ca\/International\/wp-json\/wp\/v2\/tags?post=142785"}],"curies":[{"name":"wp","href":"https:\/\/api.w.org\/{rel}","templated":true}]}}