{"id":142786,"date":"2022-03-10T11:11:14","date_gmt":"2022-03-10T16:11:14","guid":{"rendered":"https:\/\/linitiative.ca\/International\/armes-a-feu-le-maroc-modernise-son-arsenal-juridique\/"},"modified":"2022-03-10T11:11:14","modified_gmt":"2022-03-10T16:11:14","slug":"armes-a-feu-le-maroc-modernise-son-arsenal-juridique","status":"publish","type":"post","link":"https:\/\/linitiative.ca\/International\/armes-a-feu-le-maroc-modernise-son-arsenal-juridique\/","title":{"rendered":"Armes \u00e0 feu: le Maroc modernise son arsenal juridique"},"content":{"rendered":"<div>\n<div class=\"field field-name-body field-type-text-with-summary field-label-hidden\">\n<div class=\"field-items\">\n<div class=\"field-item even\" property=\"content:encoded\">\n<p class=\"rtejustify\">Le Conseil de gouvernement a adopt\u00e9, jeudi, le projet de loi n\u00b086.21 relatif aux armes \u00e0 feu, leurs pi\u00e8ces, composantes, \u00e9l\u00e9ments, accessoires et munitions. Ce texte comprend 109 articles scind\u00e9s en 10 sections. Il vient pr\u00e9ciser le domaine d\u2019application du projet de loi en soumettant \u00e0 ses dispositions les armes de chasse et de tir, les pistolets manuels de protection, les armes traditionnelles, les armes \u00e0 air comprim\u00e9 et les armes sp\u00e9ciales marquant le d\u00e9part des comp\u00e9titions sportives.<\/p>\n<\/div>\n<\/div>\n<\/div>\n<\/div>\n<p>Auteur: hgueye<br \/>\n<a href=\"https:\/\/www.leconomiste.com\/flash-infos\/armes-feu-le-maroc-modernise-son-arsenal-juridique\">Cliquez ici pour lire l&rsquo;article depuis sa source.<\/a><\/p>\n","protected":false},"excerpt":{"rendered":"<p>Le Conseil de gouvernement a adopt\u00e9, jeudi, le projet de loi n\u00b086.21 relatif aux armes \u00e0 feu, leurs pi\u00e8ces, composantes, \u00e9l\u00e9ments, accessoires et munitions. Ce texte comprend 109 articles scind\u00e9s en 10 sections. Il vient pr\u00e9ciser le domaine d\u2019application du projet de loi en soumettant \u00e0 ses dispositions les armes de chasse et de tir, [&hellip;]<\/p>\n","protected":false},"author":1763,"featured_media":0,"comment_status":"closed","ping_status":"closed","sticky":false,"template":"","format":"standard","meta":{"fifu_image_url":"","fifu_image_alt":"","footnotes":""},"categories":[78,54],"tags":[],"class_list":["post-142786","post","type-post","status-publish","format-standard","hentry","category-economie","category-maroc"],"_links":{"self":[{"href":"https:\/\/linitiative.ca\/International\/wp-json\/wp\/v2\/posts\/142786","targetHints":{"allow":["GET"]}}],"collection":[{"href":"https:\/\/linitiative.ca\/International\/wp-json\/wp\/v2\/posts"}],"about":[{"href":"https:\/\/linitiative.ca\/International\/wp-json\/wp\/v2\/types\/post"}],"author":[{"embeddable":true,"href":"https:\/\/linitiative.ca\/International\/wp-json\/wp\/v2\/users\/1763"}],"replies":[{"embeddable":true,"href":"https:\/\/linitiative.ca\/International\/wp-json\/wp\/v2\/comments?post=142786"}],"version-history":[{"count":0,"href":"https:\/\/linitiative.ca\/International\/wp-json\/wp\/v2\/posts\/142786\/revisions"}],"wp:attachment":[{"href":"https:\/\/linitiative.ca\/International\/wp-json\/wp\/v2\/media?parent=142786"}],"wp:term":[{"taxonomy":"category","embeddable":true,"href":"https:\/\/linitiative.ca\/International\/wp-json\/wp\/v2\/categories?post=142786"},{"taxonomy":"post_tag","embeddable":true,"href":"https:\/\/linitiative.ca\/International\/wp-json\/wp\/v2\/tags?post=142786"}],"curies":[{"name":"wp","href":"https:\/\/api.w.org\/{rel}","templated":true}]}}