{"id":142789,"date":"2022-03-09T23:09:00","date_gmt":"2022-03-10T04:09:00","guid":{"rendered":"https:\/\/linitiative.ca\/International\/real-lhommage-dancelotti-a-benzema\/"},"modified":"2022-03-09T23:09:00","modified_gmt":"2022-03-10T04:09:00","slug":"real-lhommage-dancelotti-a-benzema","status":"publish","type":"post","link":"https:\/\/linitiative.ca\/International\/real-lhommage-dancelotti-a-benzema\/","title":{"rendered":"Real : L&rsquo;hommage d&rsquo;Ancelotti \u00e0 Benzema"},"content":{"rendered":"<div>Gr\u00e2ce \u00e0 un tripl\u00e9 ce mercredi, l&rsquo;attaquant du Real Madrid Karim Benzema (34 ans) a qualifi\u00e9 son \u00e9quipe face au PSG (0-1, 3-1) pour les quarts de finale de la Ligue des Champions<\/div>\n<p>Auteur:<br \/>\n<a href=\"https:\/\/www.lebuteur.com\/article\/detail?titre=real-lhommage-dancelotti-a-benzema&#038;id=102459\">Cliquez ici pour lire l&rsquo;article depuis sa source.<\/a><\/p>\n","protected":false},"excerpt":{"rendered":"<p>Gr\u00e2ce \u00e0 un tripl\u00e9 ce mercredi, l&rsquo;attaquant du Real Madrid Karim Benzema (34 ans) a qualifi\u00e9 son \u00e9quipe face au PSG (0-1, 3-1) pour les quarts de finale de la Ligue des Champions Auteur: Cliquez ici pour lire l&rsquo;article depuis sa source.<\/p>\n","protected":false},"author":1738,"featured_media":0,"comment_status":"closed","ping_status":"closed","sticky":false,"template":"","format":"standard","meta":{"fifu_image_url":"","fifu_image_alt":"","footnotes":""},"categories":[53,75],"tags":[],"class_list":["post-142789","post","type-post","status-publish","format-standard","hentry","category-algerie","category-sport"],"_links":{"self":[{"href":"https:\/\/linitiative.ca\/International\/wp-json\/wp\/v2\/posts\/142789","targetHints":{"allow":["GET"]}}],"collection":[{"href":"https:\/\/linitiative.ca\/International\/wp-json\/wp\/v2\/posts"}],"about":[{"href":"https:\/\/linitiative.ca\/International\/wp-json\/wp\/v2\/types\/post"}],"author":[{"embeddable":true,"href":"https:\/\/linitiative.ca\/International\/wp-json\/wp\/v2\/users\/1738"}],"replies":[{"embeddable":true,"href":"https:\/\/linitiative.ca\/International\/wp-json\/wp\/v2\/comments?post=142789"}],"version-history":[{"count":0,"href":"https:\/\/linitiative.ca\/International\/wp-json\/wp\/v2\/posts\/142789\/revisions"}],"wp:attachment":[{"href":"https:\/\/linitiative.ca\/International\/wp-json\/wp\/v2\/media?parent=142789"}],"wp:term":[{"taxonomy":"category","embeddable":true,"href":"https:\/\/linitiative.ca\/International\/wp-json\/wp\/v2\/categories?post=142789"},{"taxonomy":"post_tag","embeddable":true,"href":"https:\/\/linitiative.ca\/International\/wp-json\/wp\/v2\/tags?post=142789"}],"curies":[{"name":"wp","href":"https:\/\/api.w.org\/{rel}","templated":true}]}}