{"id":142790,"date":"2022-03-09T23:17:00","date_gmt":"2022-03-10T04:17:00","guid":{"rendered":"https:\/\/linitiative.ca\/International\/man-city-mahrez-donne-le-tournis-aux-defenseurs-du-sporting-video\/"},"modified":"2022-03-09T23:17:00","modified_gmt":"2022-03-10T04:17:00","slug":"man-city-mahrez-donne-le-tournis-aux-defenseurs-du-sporting-video","status":"publish","type":"post","link":"https:\/\/linitiative.ca\/International\/man-city-mahrez-donne-le-tournis-aux-defenseurs-du-sporting-video\/","title":{"rendered":"Man City : Mahrez donne le tournis aux d\u00e9fenseurs du Sporting (Vid\u00e9o)"},"content":{"rendered":"<div>Pr\u00e9serv\u00e9 et entr\u00e9 en jeu en d\u00e9but de deuxi\u00e8me p\u00e9riode, Riyad Mahrez a \u00e9t\u00e9 tr\u00e8s actif face au Sporting Portugal ce mercredi (0-0)<\/div>\n<p>Auteur:<br \/>\n<a href=\"https:\/\/www.lebuteur.com\/article\/detail?titre=man-city-mahrez-donne-le-tournis-aux-defenseurs-du-sporting-video&#038;id=102460\">Cliquez ici pour lire l&rsquo;article depuis sa source.<\/a><\/p>\n","protected":false},"excerpt":{"rendered":"<p>Pr\u00e9serv\u00e9 et entr\u00e9 en jeu en d\u00e9but de deuxi\u00e8me p\u00e9riode, Riyad Mahrez a \u00e9t\u00e9 tr\u00e8s actif face au Sporting Portugal ce mercredi (0-0) Auteur: Cliquez ici pour lire l&rsquo;article depuis sa source.<\/p>\n","protected":false},"author":1738,"featured_media":0,"comment_status":"closed","ping_status":"closed","sticky":false,"template":"","format":"standard","meta":{"fifu_image_url":"","fifu_image_alt":"","footnotes":""},"categories":[53,75],"tags":[],"class_list":["post-142790","post","type-post","status-publish","format-standard","hentry","category-algerie","category-sport"],"_links":{"self":[{"href":"https:\/\/linitiative.ca\/International\/wp-json\/wp\/v2\/posts\/142790","targetHints":{"allow":["GET"]}}],"collection":[{"href":"https:\/\/linitiative.ca\/International\/wp-json\/wp\/v2\/posts"}],"about":[{"href":"https:\/\/linitiative.ca\/International\/wp-json\/wp\/v2\/types\/post"}],"author":[{"embeddable":true,"href":"https:\/\/linitiative.ca\/International\/wp-json\/wp\/v2\/users\/1738"}],"replies":[{"embeddable":true,"href":"https:\/\/linitiative.ca\/International\/wp-json\/wp\/v2\/comments?post=142790"}],"version-history":[{"count":0,"href":"https:\/\/linitiative.ca\/International\/wp-json\/wp\/v2\/posts\/142790\/revisions"}],"wp:attachment":[{"href":"https:\/\/linitiative.ca\/International\/wp-json\/wp\/v2\/media?parent=142790"}],"wp:term":[{"taxonomy":"category","embeddable":true,"href":"https:\/\/linitiative.ca\/International\/wp-json\/wp\/v2\/categories?post=142790"},{"taxonomy":"post_tag","embeddable":true,"href":"https:\/\/linitiative.ca\/International\/wp-json\/wp\/v2\/tags?post=142790"}],"curies":[{"name":"wp","href":"https:\/\/api.w.org\/{rel}","templated":true}]}}