{"id":142791,"date":"2022-03-10T04:16:00","date_gmt":"2022-03-10T09:16:00","guid":{"rendered":"https:\/\/linitiative.ca\/International\/hubert-tardy-joubert-une-grande-ambition-pour-linstitut-francais-de-tunisie\/"},"modified":"2022-03-10T04:16:00","modified_gmt":"2022-03-10T09:16:00","slug":"hubert-tardy-joubert-une-grande-ambition-pour-linstitut-francais-de-tunisie","status":"publish","type":"post","link":"https:\/\/linitiative.ca\/International\/hubert-tardy-joubert-une-grande-ambition-pour-linstitut-francais-de-tunisie\/","title":{"rendered":"Hubert Tardy-Joubert: Une grande ambition pour l\u2019Institut fran\u00e7ais de Tunisie"},"content":{"rendered":"<div><img decoding=\"async\" src=\"https:\/\/linitiative.ca\/International\/wp-content\/uploads\/sites\/23\/2022\/03\/1646904543_article.jpg\" alt=\"Hubert Tardy-Joubert: Une grande ambition pour l\u2019Institut fran\u00e7ais de Tunisie\" align=\"left\">En six mois depuis sa prise de fonction, en septembre dernier, en tant que conseiller de coop\u00e9ration et d\u2019action culturelle, directeur de l\u2019Institut fran\u00e7ais de Tunisie, Hubert Tardy-Joubert, 36 ans, a d\u00e9j\u00e0 pos\u00e9 ses marques. Pour ce normalien, agr\u00e9g\u00e9 de philosophie, ancien conseiller au cabinet de Jean-Yves Le Drian, ministre de la D\u00e9fense, puis ministre de l\u2019Europe et des Affaires \u00e9trang\u00e8res, Tunis n\u2019est pas un poste de sin\u00e9cure. Son exp\u00e9rience dans les m\u00eames fonctions \u00e0 Addis-Abeba lui a montr\u00e9 l\u2019importance de la mission et tout le potentiel d\u2019innovation \u00e0 activer \u00e0 chaque nouvelle affectation.<\/p>\n<p>A la t\u00eate d\u2019une \u00e9quipe de plus de 80 personnes \u00e0 temps &#8230;<\/p>\n<\/div>\n<p>Auteur:<br \/>\n<a href=\"https:\/\/www.leaders.com.tn\/article\/33080-hubert-tardy-joubert-une-grande-ambition-pour-l-institut-francais-de-tunisie\">Cliquez ici pour lire l&rsquo;article depuis sa source.<\/a><\/p>\n","protected":false},"excerpt":{"rendered":"<p>En six mois depuis sa prise de fonction, en septembre dernier, en tant que conseiller de coop\u00e9ration et d\u2019action culturelle, directeur de l\u2019Institut fran\u00e7ais de Tunisie, Hubert Tardy-Joubert, 36 ans, a d\u00e9j\u00e0 pos\u00e9 ses marques. Pour ce normalien, agr\u00e9g\u00e9 de philosophie, ancien conseiller au cabinet de Jean-Yves Le Drian, ministre de la D\u00e9fense, puis ministre [&hellip;]<\/p>\n","protected":false},"author":1772,"featured_media":0,"comment_status":"closed","ping_status":"closed","sticky":false,"template":"","format":"standard","meta":{"fifu_image_url":"http:\/\/www.leaders.com.tn\/uploads\/content\/thumbnails_small\/1646904543_article.jpg","fifu_image_alt":"Hubert Tardy-Joubert: Une grande ambition pour l\u2019Institut fran\u00e7ais de Tunisie","footnotes":""},"categories":[73,55],"tags":[],"class_list":["post-142791","post","type-post","status-publish","format-standard","hentry","category-actualite","category-tunisie"],"_links":{"self":[{"href":"https:\/\/linitiative.ca\/International\/wp-json\/wp\/v2\/posts\/142791","targetHints":{"allow":["GET"]}}],"collection":[{"href":"https:\/\/linitiative.ca\/International\/wp-json\/wp\/v2\/posts"}],"about":[{"href":"https:\/\/linitiative.ca\/International\/wp-json\/wp\/v2\/types\/post"}],"author":[{"embeddable":true,"href":"https:\/\/linitiative.ca\/International\/wp-json\/wp\/v2\/users\/1772"}],"replies":[{"embeddable":true,"href":"https:\/\/linitiative.ca\/International\/wp-json\/wp\/v2\/comments?post=142791"}],"version-history":[{"count":0,"href":"https:\/\/linitiative.ca\/International\/wp-json\/wp\/v2\/posts\/142791\/revisions"}],"wp:attachment":[{"href":"https:\/\/linitiative.ca\/International\/wp-json\/wp\/v2\/media?parent=142791"}],"wp:term":[{"taxonomy":"category","embeddable":true,"href":"https:\/\/linitiative.ca\/International\/wp-json\/wp\/v2\/categories?post=142791"},{"taxonomy":"post_tag","embeddable":true,"href":"https:\/\/linitiative.ca\/International\/wp-json\/wp\/v2\/tags?post=142791"}],"curies":[{"name":"wp","href":"https:\/\/api.w.org\/{rel}","templated":true}]}}