{"id":142793,"date":"2022-03-10T04:26:00","date_gmt":"2022-03-10T09:26:00","guid":{"rendered":"https:\/\/linitiative.ca\/International\/le-parcours-de-hubert-tardy-joubert\/"},"modified":"2022-03-10T04:26:00","modified_gmt":"2022-03-10T09:26:00","slug":"le-parcours-de-hubert-tardy-joubert","status":"publish","type":"post","link":"https:\/\/linitiative.ca\/International\/le-parcours-de-hubert-tardy-joubert\/","title":{"rendered":"Le parcours de Hubert Tardy-Joubert"},"content":{"rendered":"<div><img decoding=\"async\" src=\"https:\/\/linitiative.ca\/International\/wp-content\/uploads\/sites\/23\/2022\/03\/1646904488_article.jpg\" alt=\"Le parcours de Hubert Tardy-Joubert\" align=\"left\">\u2022 2007 : \u00e9l\u00e8ve \u00e0 l\u2019Ecole normale sup\u00e9rieure de la rue d\u2019Ulm, Paris<br \/>\n\u2022 2009 : agr\u00e9g\u00e9 de philosophie<br \/>\n\u2022 2011 : visiting lector, Universit\u00e9 de Yale, Etats-Unis<br \/>\n\u2022 2013 : enseignant en philosophie, d\u00e9partement de philosophie de l\u2019Universit\u00e9 de Paris Ouest-Nanterre.<br \/>\nPr\u00e9paration d\u2019une th\u00e8se sur les philosophies de Hegel et Sartre<br \/>\n\u2022 2016 : conseiller au cabinet de Jean-Yves Le Drian, ministre de la D\u00e9fense, puis ministre de l\u2019Europe et des Affaires \u00e9trang\u00e8res. Activit\u00e9s d\u2019enseignement et de recherche au sein du Centre interdisciplinaire sur le nucl\u00e9aire et la strat\u00e9gie (Ciens), Ecole normale sup\u00e9rieure de la rue d\u2019Ulm, Paris.<br \/>\n\u2022 2018 : conseiller de &#8230;<\/p>\n<\/div>\n<p>Auteur:<br \/>\n<a href=\"https:\/\/www.leaders.com.tn\/article\/33081-le-parcours-de-hubert-tardy-joubert\">Cliquez ici pour lire l&rsquo;article depuis sa source.<\/a><\/p>\n","protected":false},"excerpt":{"rendered":"<p>\u2022 2007 : \u00e9l\u00e8ve \u00e0 l\u2019Ecole normale sup\u00e9rieure de la rue d\u2019Ulm, Paris \u2022 2009 : agr\u00e9g\u00e9 de philosophie \u2022 2011 : visiting lector, Universit\u00e9 de Yale, Etats-Unis \u2022 2013 : enseignant en philosophie, d\u00e9partement de philosophie de l\u2019Universit\u00e9 de Paris Ouest-Nanterre. Pr\u00e9paration d\u2019une th\u00e8se sur les philosophies de Hegel et Sartre \u2022 2016 : [&hellip;]<\/p>\n","protected":false},"author":1772,"featured_media":0,"comment_status":"closed","ping_status":"closed","sticky":false,"template":"","format":"standard","meta":{"fifu_image_url":"http:\/\/www.leaders.com.tn\/uploads\/content\/thumbnails_small\/1646904488_article.jpg","fifu_image_alt":"Le parcours de Hubert Tardy-Joubert","footnotes":""},"categories":[73,55],"tags":[],"class_list":["post-142793","post","type-post","status-publish","format-standard","hentry","category-actualite","category-tunisie"],"_links":{"self":[{"href":"https:\/\/linitiative.ca\/International\/wp-json\/wp\/v2\/posts\/142793","targetHints":{"allow":["GET"]}}],"collection":[{"href":"https:\/\/linitiative.ca\/International\/wp-json\/wp\/v2\/posts"}],"about":[{"href":"https:\/\/linitiative.ca\/International\/wp-json\/wp\/v2\/types\/post"}],"author":[{"embeddable":true,"href":"https:\/\/linitiative.ca\/International\/wp-json\/wp\/v2\/users\/1772"}],"replies":[{"embeddable":true,"href":"https:\/\/linitiative.ca\/International\/wp-json\/wp\/v2\/comments?post=142793"}],"version-history":[{"count":0,"href":"https:\/\/linitiative.ca\/International\/wp-json\/wp\/v2\/posts\/142793\/revisions"}],"wp:attachment":[{"href":"https:\/\/linitiative.ca\/International\/wp-json\/wp\/v2\/media?parent=142793"}],"wp:term":[{"taxonomy":"category","embeddable":true,"href":"https:\/\/linitiative.ca\/International\/wp-json\/wp\/v2\/categories?post=142793"},{"taxonomy":"post_tag","embeddable":true,"href":"https:\/\/linitiative.ca\/International\/wp-json\/wp\/v2\/tags?post=142793"}],"curies":[{"name":"wp","href":"https:\/\/api.w.org\/{rel}","templated":true}]}}