{"id":142795,"date":"2022-03-10T10:21:00","date_gmt":"2022-03-10T15:21:00","guid":{"rendered":"https:\/\/linitiative.ca\/International\/la-mise-en-place-du-conseil-superieur-provisoire-de-la-magistrature-bataille-gagnee\/"},"modified":"2022-03-10T10:21:00","modified_gmt":"2022-03-10T15:21:00","slug":"la-mise-en-place-du-conseil-superieur-provisoire-de-la-magistrature-bataille-gagnee","status":"publish","type":"post","link":"https:\/\/linitiative.ca\/International\/la-mise-en-place-du-conseil-superieur-provisoire-de-la-magistrature-bataille-gagnee\/","title":{"rendered":"La mise en place du Conseil sup\u00e9rieur provisoire de la magistrature : bataille gagn\u00e9e"},"content":{"rendered":"<div><img decoding=\"async\" src=\"https:\/\/linitiative.ca\/International\/wp-content\/uploads\/sites\/23\/2022\/03\/1646926248_article.jpg\" alt=\"La mise en place du Conseil sup\u00e9rieur provisoire de la magistrature : bataille gagn\u00e9e\" align=\"left\">Par Abdelkader Maalej &#8211; Loin d\u2019avoir gagn\u00e9 le pari pour ce qu\u2019il appelle l\u2019\u00e9puration du syst\u00e8me judiciaire, le chef de l\u2019Etat semble avoir quand m\u00eame remport\u00e9 une premi\u00e8re bataille. En effet, faisant fi des appels lanc\u00e9s par l\u2019Association des juges et de plusieurs autres associations et partis politiques aux membres du Conseil sup\u00e9rieur provisoire de la magistrature pour qu\u2019ils refusent leur appartenance \u00e0 ce conseil, tous les 21 membres ont r\u00e9pondu pr\u00e9sents \u00e0 l\u2019appel du Pr\u00e9sident pour qu\u2019ils pr\u00eatent devant lui le serment selon lequel ils assumeraient leur mission en toute int\u00e9grit\u00e9 en toute honn\u00eatet\u00e9 et en respectant la constitution et la loi.<br \/>\nDans son &#8230;<\/p>\n<\/div>\n<p>Auteur:<br \/>\n<a href=\"https:\/\/www.leaders.com.tn\/article\/33082-la-mise-en-place-du-conseil-superieur-provisoire-de-la-magistrature-bataille-gagnee\">Cliquez ici pour lire l&rsquo;article depuis sa source.<\/a><\/p>\n","protected":false},"excerpt":{"rendered":"<p>Par Abdelkader Maalej &#8211; Loin d\u2019avoir gagn\u00e9 le pari pour ce qu\u2019il appelle l\u2019\u00e9puration du syst\u00e8me judiciaire, le chef de l\u2019Etat semble avoir quand m\u00eame remport\u00e9 une premi\u00e8re bataille. En effet, faisant fi des appels lanc\u00e9s par l\u2019Association des juges et de plusieurs autres associations et partis politiques aux membres du Conseil sup\u00e9rieur provisoire de [&hellip;]<\/p>\n","protected":false},"author":1772,"featured_media":0,"comment_status":"closed","ping_status":"closed","sticky":false,"template":"","format":"standard","meta":{"fifu_image_url":"http:\/\/www.leaders.com.tn\/uploads\/content\/thumbnails_small\/1646926248_article.jpg","fifu_image_alt":"La mise en place du Conseil sup\u00e9rieur provisoire de la magistrature : bataille gagn\u00e9e","footnotes":""},"categories":[73,55],"tags":[],"class_list":["post-142795","post","type-post","status-publish","format-standard","hentry","category-actualite","category-tunisie"],"_links":{"self":[{"href":"https:\/\/linitiative.ca\/International\/wp-json\/wp\/v2\/posts\/142795","targetHints":{"allow":["GET"]}}],"collection":[{"href":"https:\/\/linitiative.ca\/International\/wp-json\/wp\/v2\/posts"}],"about":[{"href":"https:\/\/linitiative.ca\/International\/wp-json\/wp\/v2\/types\/post"}],"author":[{"embeddable":true,"href":"https:\/\/linitiative.ca\/International\/wp-json\/wp\/v2\/users\/1772"}],"replies":[{"embeddable":true,"href":"https:\/\/linitiative.ca\/International\/wp-json\/wp\/v2\/comments?post=142795"}],"version-history":[{"count":0,"href":"https:\/\/linitiative.ca\/International\/wp-json\/wp\/v2\/posts\/142795\/revisions"}],"wp:attachment":[{"href":"https:\/\/linitiative.ca\/International\/wp-json\/wp\/v2\/media?parent=142795"}],"wp:term":[{"taxonomy":"category","embeddable":true,"href":"https:\/\/linitiative.ca\/International\/wp-json\/wp\/v2\/categories?post=142795"},{"taxonomy":"post_tag","embeddable":true,"href":"https:\/\/linitiative.ca\/International\/wp-json\/wp\/v2\/tags?post=142795"}],"curies":[{"name":"wp","href":"https:\/\/api.w.org\/{rel}","templated":true}]}}