{"id":14280,"date":"2019-02-14T15:32:28","date_gmt":"2019-02-14T20:32:28","guid":{"rendered":"https:\/\/linitiative.ca\/International\/tunisie-deces-du-pere-du-depute-mohamed-ben-salem\/"},"modified":"2019-02-14T15:32:28","modified_gmt":"2019-02-14T20:32:28","slug":"tunisie-deces-du-pere-du-depute-mohamed-ben-salem","status":"publish","type":"post","link":"https:\/\/linitiative.ca\/International\/tunisie-deces-du-pere-du-depute-mohamed-ben-salem\/","title":{"rendered":"Tunisie \u2013 D\u00e9c\u00e8s du p\u00e8re du d\u00e9put\u00e9 Mohamed Ben Salem"},"content":{"rendered":"<div class=\"post-cont-in left relative\">\n<div class=\"nc_socialPanel swp_flatFresh swp_d_fullColor swp_i_fullColor swp_o_fullColor scale-100 scale-fullWidth\" data-position=\"none\" data-float=\"floatNone\" data-count=\"5\" data-floatcolor=\"#ffffff\" data-emphasize=\"0\">\n<div class=\"nc_tweetContainer totes totesalt\" data-id=\"6\"><span class=\"swp_count\"><span class=\"swp_label\">Partages<\/span> 14<\/span><\/div>\n<\/div>\n<p>Le d\u00e9put\u00e9 du bloc Ennahdha \u00e0 l\u2019ARP, Mohamed Ben Salem a annonc\u00e9, ce jeudi, via sa page Facebook, le d\u00e9c\u00e8s de son regrett\u00e9 p\u00e8re.<\/p>\n<p>La r\u00e9daction de Tunisienumerique pr\u00e9sente ses condol\u00e9ances les plus attrist\u00e9es \u00e0 Monsieur Ben Salem et\u00a0prie Dieu d\u2019accueillir le d\u00e9funt dans son infinie mis\u00e9ricorde.<\/p>\n<div class=\"code-block code-block-1 c3\"><ins class=\"adsbygoogle c2\" data-ad-layout=\"in-article\" data-ad-format=\"fluid\" data-ad-client=\"ca-pub-2102118777505746\" data-ad-slot=\"7301775417\"\/> <\/div>\n<p>Qu\u2019il repose en paix\u00a0!<\/p>\n<p><img loading=\"lazy\" decoding=\"async\" class=\"aligncenter size-full wp-image-416011\" src=\"https:\/\/www.tunisienumerique.com\/wp-content\/uploads\/2019\/02\/ben-salem-post.jpg\" alt=\"\" width=\"524\" height=\"420\"\/><\/p>\n<div class=\"mvp-org-wrap mvp-org-logo\" itemprop=\"publisher\" itemscope=\"\" itemtype=\"https:\/\/schema.org\/Organization\"><img decoding=\"async\" src=\"https:\/\/www.tunisienumerique.com\/wp-content\/uploads\/2017\/02\/logo_tunisie_numerique.png\"\/><\/div>\n<div class=\"nc_socialPanel swp_flatFresh swp_d_fullColor swp_i_fullColor swp_o_fullColor scale-100 scale-fullWidth\" data-position=\"none\" data-float=\"floatNone\" data-count=\"5\" data-floatcolor=\"#ffffff\" data-emphasize=\"0\">\n<div class=\"nc_tweetContainer totes totesalt\" data-id=\"6\"><span class=\"swp_count\"><span class=\"swp_label\">Partages<\/span> 14<\/span><\/div>\n<\/div>\n<div class=\"mvp-related-posts left relative\">\n<h4 class=\"post-header\"><span class=\"post-header\">Lire aussi<\/span><\/h4>\n<\/div>\n<\/div>\n<p>Auteur: LM<br \/>\n<a href=\"https:\/\/www.tunisienumerique.com\/tunisie-deces-du-pere-du-depute-mohamed-ben-salem\/\">Cliquez ici pour lire l&rsquo;article depuis sa source.<\/a><\/p>\n","protected":false},"excerpt":{"rendered":"<p>Partages 14 Le d\u00e9put\u00e9 du bloc Ennahdha \u00e0 l\u2019ARP, Mohamed Ben Salem a annonc\u00e9, ce jeudi, via sa page Facebook, le d\u00e9c\u00e8s de son regrett\u00e9 p\u00e8re. La r\u00e9daction de Tunisienumerique pr\u00e9sente ses condol\u00e9ances les plus attrist\u00e9es \u00e0 Monsieur Ben Salem et\u00a0prie Dieu d\u2019accueillir le d\u00e9funt dans son infinie mis\u00e9ricorde. Qu\u2019il repose en paix\u00a0! Partages 14 [&hellip;]<\/p>\n","protected":false},"author":1789,"featured_media":14281,"comment_status":"closed","ping_status":"closed","sticky":false,"template":"","format":"standard","meta":{"fifu_image_url":"","fifu_image_alt":"","footnotes":""},"categories":[73,55],"tags":[],"class_list":["post-14280","post","type-post","status-publish","format-standard","has-post-thumbnail","hentry","category-actualite","category-tunisie"],"_links":{"self":[{"href":"https:\/\/linitiative.ca\/International\/wp-json\/wp\/v2\/posts\/14280","targetHints":{"allow":["GET"]}}],"collection":[{"href":"https:\/\/linitiative.ca\/International\/wp-json\/wp\/v2\/posts"}],"about":[{"href":"https:\/\/linitiative.ca\/International\/wp-json\/wp\/v2\/types\/post"}],"author":[{"embeddable":true,"href":"https:\/\/linitiative.ca\/International\/wp-json\/wp\/v2\/users\/1789"}],"replies":[{"embeddable":true,"href":"https:\/\/linitiative.ca\/International\/wp-json\/wp\/v2\/comments?post=14280"}],"version-history":[{"count":0,"href":"https:\/\/linitiative.ca\/International\/wp-json\/wp\/v2\/posts\/14280\/revisions"}],"wp:featuredmedia":[{"embeddable":true,"href":"https:\/\/linitiative.ca\/International\/wp-json\/"}],"wp:attachment":[{"href":"https:\/\/linitiative.ca\/International\/wp-json\/wp\/v2\/media?parent=14280"}],"wp:term":[{"taxonomy":"category","embeddable":true,"href":"https:\/\/linitiative.ca\/International\/wp-json\/wp\/v2\/categories?post=14280"},{"taxonomy":"post_tag","embeddable":true,"href":"https:\/\/linitiative.ca\/International\/wp-json\/wp\/v2\/tags?post=14280"}],"curies":[{"name":"wp","href":"https:\/\/api.w.org\/{rel}","templated":true}]}}