{"id":142803,"date":"2022-03-10T14:38:59","date_gmt":"2022-03-10T19:38:59","guid":{"rendered":"https:\/\/linitiative.ca\/International\/le-gazoduc-gme-bientot-remis-en-service-mais-sans-le-gaz-algerien\/"},"modified":"2022-03-10T14:38:59","modified_gmt":"2022-03-10T19:38:59","slug":"le-gazoduc-gme-bientot-remis-en-service-mais-sans-le-gaz-algerien","status":"publish","type":"post","link":"https:\/\/linitiative.ca\/International\/le-gazoduc-gme-bientot-remis-en-service-mais-sans-le-gaz-algerien\/","title":{"rendered":"Le gazoduc GME bient\u00f4t remis en service mais sans le gaz alg\u00e9rien"},"content":{"rendered":"<div><img decoding=\"async\" width=\"318\" height=\"158\" src=\"https:\/\/linitiative.ca\/International\/wp-content\/uploads\/sites\/23\/2022\/03\/gazoduuu.jpg\" class=\"attachment-post-thumbnail size-post-thumbnail wp-post-image\" alt=\"\" loading=\"lazy\" srcset=\"https:\/\/linitiative.ca\/International\/wp-content\/uploads\/sites\/23\/2022\/03\/gazoduuu.jpg 318w, https:\/\/www.challenge.ma\/wp-content\/uploads\/2022\/03\/gazoduuu-300x149.jpg 300w\" sizes=\"auto, (max-width: 318px) 100vw, 318px\" itemprop=\"image\">La coop\u00e9ration gazi\u00e8re entre Rabat et Madrid se pr\u00e9cise. Apr\u00e8s l\u2019annonce du 2 f\u00e9vrier, les deux pays souhaitent conclure un accord devant permettre \u00e0 Rabat de regaz\u00e9ifier du GNL en Espagne. Les efforts visant \u00e0 assurer la s\u00e9curit\u00e9 \u00e9nerg\u00e9tique du Maroc gr\u00e2ce au gazoduc Maghreb-Europe progressent rapidement. Les plans du<\/div>\n<p>Auteur: challenge<br \/>\n<a href=\"https:\/\/www.challenge.ma\/le-gazoduc-gme-bientot-remis-en-service-mais-sans-le-gaz-algerien-234153\/\">Cliquez ici pour lire l&rsquo;article depuis sa source.<\/a><\/p>\n","protected":false},"excerpt":{"rendered":"<p>La coop\u00e9ration gazi\u00e8re entre Rabat et Madrid se pr\u00e9cise. Apr\u00e8s l\u2019annonce du 2 f\u00e9vrier, les deux pays souhaitent conclure un accord devant permettre \u00e0 Rabat de regaz\u00e9ifier du GNL en Espagne. Les efforts visant \u00e0 assurer la s\u00e9curit\u00e9 \u00e9nerg\u00e9tique du Maroc gr\u00e2ce au gazoduc Maghreb-Europe progressent rapidement. Les plans du Auteur: challenge Cliquez ici pour [&hellip;]<\/p>\n","protected":false},"author":1787,"featured_media":0,"comment_status":"closed","ping_status":"closed","sticky":false,"template":"","format":"standard","meta":{"fifu_image_url":"https:\/\/www.challenge.ma\/wp-content\/uploads\/2022\/03\/gazoduuu.jpg","fifu_image_alt":"Le gazoduc GME bient\u00f4t remis en service mais sans le gaz alg\u00e9rien","footnotes":""},"categories":[78,54],"tags":[],"class_list":["post-142803","post","type-post","status-publish","format-standard","hentry","category-economie","category-maroc"],"_links":{"self":[{"href":"https:\/\/linitiative.ca\/International\/wp-json\/wp\/v2\/posts\/142803","targetHints":{"allow":["GET"]}}],"collection":[{"href":"https:\/\/linitiative.ca\/International\/wp-json\/wp\/v2\/posts"}],"about":[{"href":"https:\/\/linitiative.ca\/International\/wp-json\/wp\/v2\/types\/post"}],"author":[{"embeddable":true,"href":"https:\/\/linitiative.ca\/International\/wp-json\/wp\/v2\/users\/1787"}],"replies":[{"embeddable":true,"href":"https:\/\/linitiative.ca\/International\/wp-json\/wp\/v2\/comments?post=142803"}],"version-history":[{"count":0,"href":"https:\/\/linitiative.ca\/International\/wp-json\/wp\/v2\/posts\/142803\/revisions"}],"wp:attachment":[{"href":"https:\/\/linitiative.ca\/International\/wp-json\/wp\/v2\/media?parent=142803"}],"wp:term":[{"taxonomy":"category","embeddable":true,"href":"https:\/\/linitiative.ca\/International\/wp-json\/wp\/v2\/categories?post=142803"},{"taxonomy":"post_tag","embeddable":true,"href":"https:\/\/linitiative.ca\/International\/wp-json\/wp\/v2\/tags?post=142803"}],"curies":[{"name":"wp","href":"https:\/\/api.w.org\/{rel}","templated":true}]}}