{"id":142805,"date":"2022-03-10T14:54:27","date_gmt":"2022-03-10T19:54:27","guid":{"rendered":"https:\/\/linitiative.ca\/International\/le-maroc-repasse-a-lheure-gmt-le-27-mars-prochain\/"},"modified":"2022-03-10T14:54:27","modified_gmt":"2022-03-10T19:54:27","slug":"le-maroc-repasse-a-lheure-gmt-le-27-mars-prochain","status":"publish","type":"post","link":"https:\/\/linitiative.ca\/International\/le-maroc-repasse-a-lheure-gmt-le-27-mars-prochain\/","title":{"rendered":"Le Maroc repasse \u00e0 l\u2019heure GMT le 27 mars prochain"},"content":{"rendered":"<div><img decoding=\"async\" width=\"925\" height=\"430\" src=\"https:\/\/linitiative.ca\/International\/wp-content\/uploads\/sites\/23\/2022\/03\/changement-heure.jpg\" class=\"attachment-post-thumbnail size-post-thumbnail wp-post-image\" alt=\"\" loading=\"lazy\" srcset=\"https:\/\/linitiative.ca\/International\/wp-content\/uploads\/sites\/23\/2022\/03\/changement-heure.jpg 925w, https:\/\/www.challenge.ma\/wp-content\/uploads\/2022\/03\/changement-heure-300x139.jpg 300w, https:\/\/www.challenge.ma\/wp-content\/uploads\/2022\/03\/changement-heure-768x357.jpg 768w, https:\/\/www.challenge.ma\/wp-content\/uploads\/2022\/03\/changement-heure-360x167.jpg 360w, https:\/\/www.challenge.ma\/wp-content\/uploads\/2022\/03\/changement-heure-750x349.jpg 750w\" sizes=\"auto, (max-width: 925px) 100vw, 925px\" itemprop=\"image\">A l\u2019approche du mois de Ramadan, le Maroc va repasser \u00e0 l\u2019heure l\u00e9gale GMT le dimanche 27 mars \u00e0 03H00, a annonc\u00e9 ce jeudi le minist\u00e8re de la Transition num\u00e9rique et de la r\u00e9forme de l\u2019administration, indiquant que le retour \u00e0 l\u2019heure (GMT+1), en avan\u00e7ant 60 minutes, sera op\u00e9r\u00e9 apr\u00e8s<\/div>\n<p>Auteur: challenge<br \/>\n<a href=\"https:\/\/www.challenge.ma\/le-maroc-repasse-a-lheure-gmt-le-27-mars-prochain%EF%BF%BC-234157\/\">Cliquez ici pour lire l&rsquo;article depuis sa source.<\/a><\/p>\n","protected":false},"excerpt":{"rendered":"<p>A l\u2019approche du mois de Ramadan, le Maroc va repasser \u00e0 l\u2019heure l\u00e9gale GMT le dimanche 27 mars \u00e0 03H00, a annonc\u00e9 ce jeudi le minist\u00e8re de la Transition num\u00e9rique et de la r\u00e9forme de l\u2019administration, indiquant que le retour \u00e0 l\u2019heure (GMT+1), en avan\u00e7ant 60 minutes, sera op\u00e9r\u00e9 apr\u00e8s Auteur: challenge Cliquez ici pour [&hellip;]<\/p>\n","protected":false},"author":1787,"featured_media":0,"comment_status":"closed","ping_status":"closed","sticky":false,"template":"","format":"standard","meta":{"fifu_image_url":"https:\/\/www.challenge.ma\/wp-content\/uploads\/2022\/03\/changement-heure.jpg","fifu_image_alt":"Le Maroc repasse \u00e0 l\u2019heure GMT le 27 mars prochain","footnotes":""},"categories":[78,54],"tags":[],"class_list":["post-142805","post","type-post","status-publish","format-standard","hentry","category-economie","category-maroc"],"_links":{"self":[{"href":"https:\/\/linitiative.ca\/International\/wp-json\/wp\/v2\/posts\/142805","targetHints":{"allow":["GET"]}}],"collection":[{"href":"https:\/\/linitiative.ca\/International\/wp-json\/wp\/v2\/posts"}],"about":[{"href":"https:\/\/linitiative.ca\/International\/wp-json\/wp\/v2\/types\/post"}],"author":[{"embeddable":true,"href":"https:\/\/linitiative.ca\/International\/wp-json\/wp\/v2\/users\/1787"}],"replies":[{"embeddable":true,"href":"https:\/\/linitiative.ca\/International\/wp-json\/wp\/v2\/comments?post=142805"}],"version-history":[{"count":0,"href":"https:\/\/linitiative.ca\/International\/wp-json\/wp\/v2\/posts\/142805\/revisions"}],"wp:attachment":[{"href":"https:\/\/linitiative.ca\/International\/wp-json\/wp\/v2\/media?parent=142805"}],"wp:term":[{"taxonomy":"category","embeddable":true,"href":"https:\/\/linitiative.ca\/International\/wp-json\/wp\/v2\/categories?post=142805"},{"taxonomy":"post_tag","embeddable":true,"href":"https:\/\/linitiative.ca\/International\/wp-json\/wp\/v2\/tags?post=142805"}],"curies":[{"name":"wp","href":"https:\/\/api.w.org\/{rel}","templated":true}]}}