{"id":142808,"date":"2022-03-10T17:07:26","date_gmt":"2022-03-10T22:07:26","guid":{"rendered":"https:\/\/linitiative.ca\/International\/tunisie-liberation-du-chanteur-walid-tounsi\/"},"modified":"2022-03-10T17:07:26","modified_gmt":"2022-03-10T22:07:26","slug":"tunisie-liberation-du-chanteur-walid-tounsi","status":"publish","type":"post","link":"https:\/\/linitiative.ca\/International\/tunisie-liberation-du-chanteur-walid-tounsi\/","title":{"rendered":"Tunisie : Lib\u00e9ration du chanteur Walid Tounsi"},"content":{"rendered":"<div>\n<p>Le Service des Ch\u00e8ques pr\u00e8s le Tribunal de Premi\u00e8re Instance de Tunis a prononc\u00e9 ce jeudi la nullit\u00e9 des poursuites dans le cadre de 3 affaires entam\u00e9es \u00e0 l\u2019encontre de l\u2019artiste populaire Walid Tounsi, pour \u00e9mission de ch\u00e8ques sans provision. En effet, une \u00e9quipe de s\u00e9curit\u00e9 \u00e0 Nabeul ont arr\u00eat\u00e9 le chanteur sur fond de [\u2026]<\/p>\n<p>L\u2019article <a href=\"https:\/\/www.tunisienumerique.com\/tunisie-liberation-du-chanteur-walid-tounsi\/\">Tunisie : Lib\u00e9ration du chanteur Walid Tounsi<\/a> est apparu en premier sur <a href=\"https:\/\/www.tunisienumerique.com\/\">Tunisie<\/a>.<\/p>\n<\/div>\n<p>Auteur: rania ben slimane<br \/>\n<a href=\"https:\/\/www.tunisienumerique.com\/tunisie-liberation-du-chanteur-walid-tounsi\/\">Cliquez ici pour lire l&rsquo;article depuis sa source.<\/a><\/p>\n","protected":false},"excerpt":{"rendered":"<p>Le Service des Ch\u00e8ques pr\u00e8s le Tribunal de Premi\u00e8re Instance de Tunis a prononc\u00e9 ce jeudi la nullit\u00e9 des poursuites dans le cadre de 3 affaires entam\u00e9es \u00e0 l\u2019encontre de l\u2019artiste populaire Walid Tounsi, pour \u00e9mission de ch\u00e8ques sans provision. En effet, une \u00e9quipe de s\u00e9curit\u00e9 \u00e0 Nabeul ont arr\u00eat\u00e9 le chanteur sur fond de [&hellip;]<\/p>\n","protected":false},"author":1789,"featured_media":0,"comment_status":"closed","ping_status":"closed","sticky":false,"template":"","format":"standard","meta":{"fifu_image_url":"","fifu_image_alt":"","footnotes":""},"categories":[73,55],"tags":[],"class_list":["post-142808","post","type-post","status-publish","format-standard","hentry","category-actualite","category-tunisie"],"_links":{"self":[{"href":"https:\/\/linitiative.ca\/International\/wp-json\/wp\/v2\/posts\/142808","targetHints":{"allow":["GET"]}}],"collection":[{"href":"https:\/\/linitiative.ca\/International\/wp-json\/wp\/v2\/posts"}],"about":[{"href":"https:\/\/linitiative.ca\/International\/wp-json\/wp\/v2\/types\/post"}],"author":[{"embeddable":true,"href":"https:\/\/linitiative.ca\/International\/wp-json\/wp\/v2\/users\/1789"}],"replies":[{"embeddable":true,"href":"https:\/\/linitiative.ca\/International\/wp-json\/wp\/v2\/comments?post=142808"}],"version-history":[{"count":0,"href":"https:\/\/linitiative.ca\/International\/wp-json\/wp\/v2\/posts\/142808\/revisions"}],"wp:attachment":[{"href":"https:\/\/linitiative.ca\/International\/wp-json\/wp\/v2\/media?parent=142808"}],"wp:term":[{"taxonomy":"category","embeddable":true,"href":"https:\/\/linitiative.ca\/International\/wp-json\/wp\/v2\/categories?post=142808"},{"taxonomy":"post_tag","embeddable":true,"href":"https:\/\/linitiative.ca\/International\/wp-json\/wp\/v2\/tags?post=142808"}],"curies":[{"name":"wp","href":"https:\/\/api.w.org\/{rel}","templated":true}]}}