{"id":142811,"date":"2022-03-10T17:17:46","date_gmt":"2022-03-10T22:17:46","guid":{"rendered":"https:\/\/linitiative.ca\/International\/tunisie-une-delegation-dhommes-daffaires-italiens-rencontre-le-ministre-de-leconomie\/"},"modified":"2022-03-10T17:17:46","modified_gmt":"2022-03-10T22:17:46","slug":"tunisie-une-delegation-dhommes-daffaires-italiens-rencontre-le-ministre-de-leconomie","status":"publish","type":"post","link":"https:\/\/linitiative.ca\/International\/tunisie-une-delegation-dhommes-daffaires-italiens-rencontre-le-ministre-de-leconomie\/","title":{"rendered":"Tunisie \u2013 Une d\u00e9l\u00e9gation d\u2019hommes d\u2019affaires italiens rencontre le ministre de l\u2019\u00e9conomie"},"content":{"rendered":"<div>\n<p>L\u2019ambassadeur italien \u00e0 Tunis, Lorenzo Fanara, a rencontr\u00e9, ce jeudi, \u00e0 la t\u00eate d\u2019une d\u00e9l\u00e9gation d\u2019hommes d\u2019affaires italiens, le ministre de l\u2019\u00e9conomie, Samir Sa\u00efed. L\u2019entretien a \u00e9t\u00e9 l\u2019occasion de revoir les possibilit\u00e9s de renforcer la coop\u00e9ration entre les deux parties, le c\u00f4t\u00e9 italien ayant t\u00e9moign\u00e9 son int\u00e9r\u00eat des opportunit\u00e9s offertes par le march\u00e9 tunisien.<\/p>\n<p>L\u2019article <a href=\"https:\/\/www.tunisienumerique.com\/tunisie-une-delegation-dhommes-daffaires-italiens-rencontre-le-ministre-de-leconomie\/\">Tunisie \u2013 Une d\u00e9l\u00e9gation d\u2019hommes d\u2019affaires italiens rencontre le ministre de l\u2019\u00e9conomie<\/a> est apparu en premier sur <a href=\"https:\/\/www.tunisienumerique.com\/\">Tunisie<\/a>.<\/p>\n<\/div>\n<p>Auteur: LM<br \/>\n<a href=\"https:\/\/www.tunisienumerique.com\/tunisie-une-delegation-dhommes-daffaires-italiens-rencontre-le-ministre-de-leconomie\/\">Cliquez ici pour lire l&rsquo;article depuis sa source.<\/a><\/p>\n","protected":false},"excerpt":{"rendered":"<p>L\u2019ambassadeur italien \u00e0 Tunis, Lorenzo Fanara, a rencontr\u00e9, ce jeudi, \u00e0 la t\u00eate d\u2019une d\u00e9l\u00e9gation d\u2019hommes d\u2019affaires italiens, le ministre de l\u2019\u00e9conomie, Samir Sa\u00efed. L\u2019entretien a \u00e9t\u00e9 l\u2019occasion de revoir les possibilit\u00e9s de renforcer la coop\u00e9ration entre les deux parties, le c\u00f4t\u00e9 italien ayant t\u00e9moign\u00e9 son int\u00e9r\u00eat des opportunit\u00e9s offertes par le march\u00e9 tunisien. L\u2019article [&hellip;]<\/p>\n","protected":false},"author":1789,"featured_media":0,"comment_status":"closed","ping_status":"closed","sticky":false,"template":"","format":"standard","meta":{"fifu_image_url":"","fifu_image_alt":"","footnotes":""},"categories":[73,55],"tags":[],"class_list":["post-142811","post","type-post","status-publish","format-standard","hentry","category-actualite","category-tunisie"],"_links":{"self":[{"href":"https:\/\/linitiative.ca\/International\/wp-json\/wp\/v2\/posts\/142811","targetHints":{"allow":["GET"]}}],"collection":[{"href":"https:\/\/linitiative.ca\/International\/wp-json\/wp\/v2\/posts"}],"about":[{"href":"https:\/\/linitiative.ca\/International\/wp-json\/wp\/v2\/types\/post"}],"author":[{"embeddable":true,"href":"https:\/\/linitiative.ca\/International\/wp-json\/wp\/v2\/users\/1789"}],"replies":[{"embeddable":true,"href":"https:\/\/linitiative.ca\/International\/wp-json\/wp\/v2\/comments?post=142811"}],"version-history":[{"count":0,"href":"https:\/\/linitiative.ca\/International\/wp-json\/wp\/v2\/posts\/142811\/revisions"}],"wp:attachment":[{"href":"https:\/\/linitiative.ca\/International\/wp-json\/wp\/v2\/media?parent=142811"}],"wp:term":[{"taxonomy":"category","embeddable":true,"href":"https:\/\/linitiative.ca\/International\/wp-json\/wp\/v2\/categories?post=142811"},{"taxonomy":"post_tag","embeddable":true,"href":"https:\/\/linitiative.ca\/International\/wp-json\/wp\/v2\/tags?post=142811"}],"curies":[{"name":"wp","href":"https:\/\/api.w.org\/{rel}","templated":true}]}}