{"id":142812,"date":"2022-03-10T14:44:19","date_gmt":"2022-03-10T19:44:19","guid":{"rendered":"https:\/\/linitiative.ca\/International\/creation-dun-ministere-en-charge-des-affaires-coutumieres-et-religieuses-il-fallait-y-penser\/"},"modified":"2022-03-10T14:44:19","modified_gmt":"2022-03-10T19:44:19","slug":"creation-dun-ministere-en-charge-des-affaires-coutumieres-et-religieuses-il-fallait-y-penser","status":"publish","type":"post","link":"https:\/\/linitiative.ca\/International\/creation-dun-ministere-en-charge-des-affaires-coutumieres-et-religieuses-il-fallait-y-penser\/","title":{"rendered":"CREATION D\u2019UN MINISTERE EN CHARGE DES AFFAIRES COUTUMIERES ET RELIGIEUSES : Il fallait y penser"},"content":{"rendered":"<div>\n<p><img decoding=\"async\" width=\"1137\" height=\"636\" src=\"https:\/\/linitiative.ca\/International\/wp-content\/uploads\/sites\/23\/2022\/03\/lepaysresponsive.png\" class=\"attachment- default-featured-img\" alt=\"\" loading=\"lazy\" srcset=\"https:\/\/linitiative.ca\/International\/wp-content\/uploads\/sites\/23\/2022\/03\/lepaysresponsive.png 1137w, https:\/\/lepays.bf\/wp-content\/uploads\/2017\/07\/lepaysresponsive-300x168.png 300w, https:\/\/lepays.bf\/wp-content\/uploads\/2017\/07\/lepaysresponsive-768x430.png 768w, https:\/\/lepays.bf\/wp-content\/uploads\/2017\/07\/lepaysresponsive-1024x573.png 1024w\" sizes=\"auto, (max-width: 1137px) 100vw, 1137px\">Moins de 72 heures apr\u00e8s sa nomination \u00e0 la Primature, Albert Ou\u00e9draogo a rendu publique la composition du gouvernement qui devra conduire la marche de la Transition pour tout ou une partie des trois ans qu\u2019elle devrait durer. Dans la forme, ce gouvernement est rest\u00e9 [\u2026]<\/p>\n<p>L\u2019article <a rel=\"nofollow\" href=\"https:\/\/lepays.bf\/creation-dun-ministere-en-charge-des-affaires-coutumieres-et-religieuses-il-fallait-y-penser\/\">CREATION D\u2019UN MINISTERE EN CHARGE DES AFFAIRES COUTUMIERES ET RELIGIEUSES : Il fallait y penser<\/a> est apparu en premier sur <a rel=\"nofollow\" href=\"https:\/\/lepays.bf\/\">Editions Le Pays<\/a>.<\/p>\n<\/div>\n<p>Auteur: Editions LEPAYS<br \/>\n<a href=\"https:\/\/lepays.bf\/creation-dun-ministere-en-charge-des-affaires-coutumieres-et-religieuses-il-fallait-y-penser\/\">Cliquez ici pour lire l&rsquo;article depuis sa source.<\/a><\/p>\n","protected":false},"excerpt":{"rendered":"<p>Moins de 72 heures apr\u00e8s sa nomination \u00e0 la Primature, Albert Ou\u00e9draogo a rendu publique la composition du gouvernement qui devra conduire la marche de la Transition pour tout ou une partie des trois ans qu\u2019elle devrait durer. Dans la forme, ce gouvernement est rest\u00e9 [\u2026] L\u2019article CREATION D\u2019UN MINISTERE EN CHARGE DES AFFAIRES COUTUMIERES [&hellip;]<\/p>\n","protected":false},"author":1813,"featured_media":0,"comment_status":"closed","ping_status":"closed","sticky":false,"template":"","format":"standard","meta":{"fifu_image_url":"https:\/\/lepays.bf\/wp-content\/uploads\/2017\/07\/lepaysresponsive.png","fifu_image_alt":"CREATION D\u2019UN MINISTERE EN CHARGE DES AFFAIRES COUTUMIERES ET RELIGIEUSES : Il fallait y penser","footnotes":""},"categories":[73,81],"tags":[],"class_list":["post-142812","post","type-post","status-publish","format-standard","hentry","category-actualite","category-burkina-faso"],"_links":{"self":[{"href":"https:\/\/linitiative.ca\/International\/wp-json\/wp\/v2\/posts\/142812","targetHints":{"allow":["GET"]}}],"collection":[{"href":"https:\/\/linitiative.ca\/International\/wp-json\/wp\/v2\/posts"}],"about":[{"href":"https:\/\/linitiative.ca\/International\/wp-json\/wp\/v2\/types\/post"}],"author":[{"embeddable":true,"href":"https:\/\/linitiative.ca\/International\/wp-json\/wp\/v2\/users\/1813"}],"replies":[{"embeddable":true,"href":"https:\/\/linitiative.ca\/International\/wp-json\/wp\/v2\/comments?post=142812"}],"version-history":[{"count":0,"href":"https:\/\/linitiative.ca\/International\/wp-json\/wp\/v2\/posts\/142812\/revisions"}],"wp:attachment":[{"href":"https:\/\/linitiative.ca\/International\/wp-json\/wp\/v2\/media?parent=142812"}],"wp:term":[{"taxonomy":"category","embeddable":true,"href":"https:\/\/linitiative.ca\/International\/wp-json\/wp\/v2\/categories?post=142812"},{"taxonomy":"post_tag","embeddable":true,"href":"https:\/\/linitiative.ca\/International\/wp-json\/wp\/v2\/tags?post=142812"}],"curies":[{"name":"wp","href":"https:\/\/api.w.org\/{rel}","templated":true}]}}