{"id":142814,"date":"2022-03-10T14:49:12","date_gmt":"2022-03-10T19:49:12","guid":{"rendered":"https:\/\/linitiative.ca\/International\/crise-securitaire-au-sahel-faut-il-craindre-le-pire\/"},"modified":"2022-03-10T14:49:12","modified_gmt":"2022-03-10T19:49:12","slug":"crise-securitaire-au-sahel-faut-il-craindre-le-pire","status":"publish","type":"post","link":"https:\/\/linitiative.ca\/International\/crise-securitaire-au-sahel-faut-il-craindre-le-pire\/","title":{"rendered":"CRISE SECURITAIRE AU SAHEL : Faut-il craindre le pire\u00a0?"},"content":{"rendered":"<div>\n<p><img decoding=\"async\" width=\"512\" height=\"288\" src=\"https:\/\/linitiative.ca\/International\/wp-content\/uploads\/sites\/23\/2022\/03\/SAHEL.jpg\" class=\"attachment- size- wp-post-image\" alt=\"\" loading=\"lazy\" style=\"float:left; margin:0 15px 15px 0;\" srcset=\"https:\/\/linitiative.ca\/International\/wp-content\/uploads\/sites\/23\/2022\/03\/SAHEL.jpg 512w, https:\/\/lepays.bf\/wp-content\/uploads\/2022\/03\/SAHEL-300x169.jpg 300w\" sizes=\"auto, (max-width: 512px) 100vw, 512px\">Alors que la situation s\u00e9curitaire au Mali, fait l\u2019objet de controverses autour des chiffres sur les derni\u00e8res attaques qui ont entra\u00een\u00e9 de nombreuses pertes en vies humaines, l\u2019hydre terroriste poursuit son travail de sape et sa progression au Burkina Faso et au Niger. Dans ces [\u2026]<\/p>\n<p>L\u2019article <a rel=\"nofollow\" href=\"https:\/\/lepays.bf\/crise-securitaire-au-sahel-faut-il-craindre-le-pire\/\">CRISE SECURITAIRE AU SAHEL : Faut-il craindre le pire\u00a0?<\/a> est apparu en premier sur <a rel=\"nofollow\" href=\"https:\/\/lepays.bf\/\">Editions Le Pays<\/a>.<\/p>\n<\/div>\n<p>Auteur: Editions LEPAYS<br \/>\n<a href=\"https:\/\/lepays.bf\/crise-securitaire-au-sahel-faut-il-craindre-le-pire\/\">Cliquez ici pour lire l&rsquo;article depuis sa source.<\/a><\/p>\n","protected":false},"excerpt":{"rendered":"<p>Alors que la situation s\u00e9curitaire au Mali, fait l\u2019objet de controverses autour des chiffres sur les derni\u00e8res attaques qui ont entra\u00een\u00e9 de nombreuses pertes en vies humaines, l\u2019hydre terroriste poursuit son travail de sape et sa progression au Burkina Faso et au Niger. Dans ces [\u2026] L\u2019article CRISE SECURITAIRE AU SAHEL : Faut-il craindre le [&hellip;]<\/p>\n","protected":false},"author":1813,"featured_media":0,"comment_status":"closed","ping_status":"closed","sticky":false,"template":"","format":"standard","meta":{"fifu_image_url":"https:\/\/lepays.bf\/wp-content\/uploads\/2022\/03\/SAHEL.jpg","fifu_image_alt":"CRISE SECURITAIRE AU SAHEL : Faut-il craindre le pire\u00a0?","footnotes":""},"categories":[73,81],"tags":[],"class_list":["post-142814","post","type-post","status-publish","format-standard","hentry","category-actualite","category-burkina-faso"],"_links":{"self":[{"href":"https:\/\/linitiative.ca\/International\/wp-json\/wp\/v2\/posts\/142814","targetHints":{"allow":["GET"]}}],"collection":[{"href":"https:\/\/linitiative.ca\/International\/wp-json\/wp\/v2\/posts"}],"about":[{"href":"https:\/\/linitiative.ca\/International\/wp-json\/wp\/v2\/types\/post"}],"author":[{"embeddable":true,"href":"https:\/\/linitiative.ca\/International\/wp-json\/wp\/v2\/users\/1813"}],"replies":[{"embeddable":true,"href":"https:\/\/linitiative.ca\/International\/wp-json\/wp\/v2\/comments?post=142814"}],"version-history":[{"count":0,"href":"https:\/\/linitiative.ca\/International\/wp-json\/wp\/v2\/posts\/142814\/revisions"}],"wp:attachment":[{"href":"https:\/\/linitiative.ca\/International\/wp-json\/wp\/v2\/media?parent=142814"}],"wp:term":[{"taxonomy":"category","embeddable":true,"href":"https:\/\/linitiative.ca\/International\/wp-json\/wp\/v2\/categories?post=142814"},{"taxonomy":"post_tag","embeddable":true,"href":"https:\/\/linitiative.ca\/International\/wp-json\/wp\/v2\/tags?post=142814"}],"curies":[{"name":"wp","href":"https:\/\/api.w.org\/{rel}","templated":true}]}}