{"id":142818,"date":"2022-03-10T17:29:16","date_gmt":"2022-03-10T22:29:16","guid":{"rendered":"https:\/\/linitiative.ca\/International\/marche-des-etudiants-de-luniversite-nazi-boni-le-president-macaire-ouedraogo-nie-son-implication-dans-les-violences\/"},"modified":"2022-03-10T17:29:16","modified_gmt":"2022-03-10T22:29:16","slug":"marche-des-etudiants-de-luniversite-nazi-boni-le-president-macaire-ouedraogo-nie-son-implication-dans-les-violences","status":"publish","type":"post","link":"https:\/\/linitiative.ca\/International\/marche-des-etudiants-de-luniversite-nazi-boni-le-president-macaire-ouedraogo-nie-son-implication-dans-les-violences\/","title":{"rendered":"Marche des \u00e9tudiants de l\u2019Universit\u00e9 Nazi-Boni : le pr\u00e9sident Macaire  Ou\u00e9draogo nie son implication dans les violences"},"content":{"rendered":"<div>\n<p><strong>Lors d\u2019une marche, le jeudi 3 mars 2022, \u00e0 Bobo-Dioulasso, pour d\u00e9noncer \u00ab mauvaise une gestion \u00bb de l\u2019Universit\u00e9 Nazi-Boni (UNB), des \u00e9tudiants ont \u00e9t\u00e9 bastonn\u00e9s par des inconnus. Accus\u00e9 d\u2019\u00eatre \u00e0 l\u2019origine de cet acte, le pr\u00e9sident de l\u2019UNB, Macaire Ou\u00e9draogo, donne sa version des faits. <\/strong><\/p>\n<figure id=\"attachment_46596\" aria-describedby=\"caption-attachment-46596\" style=\"width: 300px\" class=\"wp-caption alignleft\"><img loading=\"lazy\" decoding=\"async\" class=\"wp-image-46596 size-medium\" src=\"https:\/\/linitiative.ca\/International\/wp-content\/uploads\/sites\/23\/2022\/03\/1-33-300x298-1.jpg\" alt=\"\" width=\"300\" height=\"298\" srcset=\"https:\/\/linitiative.ca\/International\/wp-content\/uploads\/sites\/23\/2022\/03\/1-33-300x298-1.jpg 300w, https:\/\/www.sidwaya.info\/wp-content\/uploads\/2022\/03\/1-33-150x149.jpg 150w, https:\/\/www.sidwaya.info\/wp-content\/uploads\/2022\/03\/1-33-422x420.jpg 422w, https:\/\/www.sidwaya.info\/wp-content\/uploads\/2022\/03\/1-33.jpg 595w\" sizes=\"auto, (max-width: 300px) 100vw, 300px\"><figcaption id=\"caption-attachment-46596\" class=\"wp-caption-text\">Le pr\u00e9sident de l\u2019UNB, Macaire Ou\u00e9draogo, a dit pr\u00f4ner une gouvernance participative et inclusive.<\/figcaption><\/figure>\n<p>La bastonnade des \u00e9tudiants de l\u2019Universit\u00e9 Nazi-Boni (UNB) de Bobo-Dioulasso, lors de leur marche de protestation, le jeudi 3 mars 2022, n\u2019est rien d\u2019autre qu\u2019\u00ab un r\u00e8glement de comptes entre les \u00e9tudiants qui veulent suivre les cours et ceux qui les perturbent \u00bb. C\u2019est la r\u00e9ponse du pr\u00e9sident de l\u2019UNB, Macaire Ou\u00e9draogo, accus\u00e9 d\u2019avoir \u00ab engag\u00e9 \u00bb des inconnus pour emp\u00eacher la marche par la violence. \u00ab C\u2019est bien normal qu\u2019on proteste et qu\u2019on manifeste \u00bb, a-t-il soulign\u00e9, ajoutant que toutefois, il faut respecter la libert\u00e9 des autres. Les \u00e9tudiants marcheurs accusent le pr\u00e9sident de l\u2019UNB d\u2019un manque de volont\u00e9 de rencontrer la coalition pour des \u00e9changes \u00ab francs \u00bb autour des pr\u00e9occupations des \u00e9tudiants. Macaire Ou\u00e9draogo a dit \u00eatre toujours ouvert au dialogue.<\/p>\n<p>\u00ab J\u2019ai appel\u00e9 les responsables des structures syndicales, mais ils m\u2019ont dit qu\u2019ils ne viendraient pas. M\u00eame hier encore (ndlr, la veille de la marche) j\u2019ai appel\u00e9 un responsable de structure syndicale qui a refus\u00e9 de venir. Ce matin \u00e9galement, j\u2019ai m\u00eame voulu recevoir la dizaine de manifestants, mais ils ont refus\u00e9 de venir \u00bb, a-t-il poursuivi. Par ailleurs, la coalition des \u00e9tudiants r\u00e9clame le respect des libert\u00e9s d\u2019organisation, d\u2019expression et de manifestation et une meilleure organisation du transport des \u00e9tudiants. Pour le premier responsable de l\u2019universit\u00e9, les manifestants doivent tout simplement respecter les franchises universitaires. \u00ab Beaucoup d\u2019\u00e9tudiants ont compris le sens du dialogue. C\u2019est dans le dialogue qu\u2019on peut travailler \u00e0 asseoir des acquis durables \u00bb, a-t-il soulign\u00e9. En ce qui concerne le chevauchement des ann\u00e9es, M. Ou\u00e9draogo a pr\u00e9cis\u00e9 que malgr\u00e9 les difficult\u00e9s constat\u00e9s, l\u2019UNB fait partie des universit\u00e9s qui ont normalis\u00e9 toutes leurs ann\u00e9es. \u00ab Nous ne pouvons pas dire que la gouvernance est parfaite, nous tendons quand-m\u00eame vers cela. C\u2019est pourquoi nous pr\u00f4nons une gouvernance participative et inclusive \u00bb, a-t-il conclu.<\/p>\n<p style=\"text-align: right\"><strong> Synth\u00e8se <\/strong><\/p>\n<p style=\"text-align: right\"><strong>Boudayinga J-M. THIENON<\/strong><\/p>\n<p>L\u2019article <a rel=\"nofollow\" href=\"https:\/\/www.sidwaya.info\/blog\/2022\/03\/10\/marche-des-etudiants-de-luniversite-nazi-boni-le-president-macaire-ouedraogo-nie-son-implication-dans-les-violences\/\">Marche des \u00e9tudiants de l\u2019Universit\u00e9 Nazi-Boni : le pr\u00e9sident Macaire  Ou\u00e9draogo nie son implication dans les violences<\/a> est apparu en premier sur <a rel=\"nofollow\" href=\"https:\/\/www.sidwaya.info\/\">Quotidien Sidwaya<\/a>.<\/p>\n<\/div>\n<p>Auteur: JK. Sidwaya<br \/>\n<a href=\"https:\/\/www.sidwaya.info\/blog\/2022\/03\/10\/marche-des-etudiants-de-luniversite-nazi-boni-le-president-macaire-ouedraogo-nie-son-implication-dans-les-violences\/?utm_source=rss&#038;utm_medium=rss&#038;utm_campaign=marche-des-etudiants-de-luniversite-nazi-boni-le-president-macaire-ouedraogo-nie-son-implication-dans-les-violences\">Cliquez ici pour lire l&rsquo;article depuis sa source.<\/a><\/p>\n","protected":false},"excerpt":{"rendered":"<p>Lors d\u2019une marche, le jeudi 3 mars 2022, \u00e0 Bobo-Dioulasso, pour d\u00e9noncer \u00ab mauvaise une gestion \u00bb de l\u2019Universit\u00e9 Nazi-Boni (UNB), des \u00e9tudiants ont \u00e9t\u00e9 bastonn\u00e9s par des inconnus. Accus\u00e9 d\u2019\u00eatre \u00e0 l\u2019origine de cet acte, le pr\u00e9sident de l\u2019UNB, Macaire Ou\u00e9draogo, donne sa version des faits. Le pr\u00e9sident de l\u2019UNB, Macaire Ou\u00e9draogo, a dit [&hellip;]<\/p>\n","protected":false},"author":1816,"featured_media":0,"comment_status":"closed","ping_status":"closed","sticky":false,"template":"","format":"standard","meta":{"fifu_image_url":"https:\/\/www.sidwaya.info\/wp-content\/uploads\/2022\/03\/1-33-300x298.jpg","fifu_image_alt":"Marche des \u00e9tudiants de l\u2019Universit\u00e9 Nazi-Boni : le pr\u00e9sident Macaire  Ou\u00e9draogo nie son implication dans les violences","footnotes":""},"categories":[73,81],"tags":[],"class_list":["post-142818","post","type-post","status-publish","format-standard","hentry","category-actualite","category-burkina-faso"],"_links":{"self":[{"href":"https:\/\/linitiative.ca\/International\/wp-json\/wp\/v2\/posts\/142818","targetHints":{"allow":["GET"]}}],"collection":[{"href":"https:\/\/linitiative.ca\/International\/wp-json\/wp\/v2\/posts"}],"about":[{"href":"https:\/\/linitiative.ca\/International\/wp-json\/wp\/v2\/types\/post"}],"author":[{"embeddable":true,"href":"https:\/\/linitiative.ca\/International\/wp-json\/wp\/v2\/users\/1816"}],"replies":[{"embeddable":true,"href":"https:\/\/linitiative.ca\/International\/wp-json\/wp\/v2\/comments?post=142818"}],"version-history":[{"count":0,"href":"https:\/\/linitiative.ca\/International\/wp-json\/wp\/v2\/posts\/142818\/revisions"}],"wp:attachment":[{"href":"https:\/\/linitiative.ca\/International\/wp-json\/wp\/v2\/media?parent=142818"}],"wp:term":[{"taxonomy":"category","embeddable":true,"href":"https:\/\/linitiative.ca\/International\/wp-json\/wp\/v2\/categories?post=142818"},{"taxonomy":"post_tag","embeddable":true,"href":"https:\/\/linitiative.ca\/International\/wp-json\/wp\/v2\/tags?post=142818"}],"curies":[{"name":"wp","href":"https:\/\/api.w.org\/{rel}","templated":true}]}}